{"id":1955,"date":"2021-09-25T14:44:08","date_gmt":"2021-09-25T13:44:08","guid":{"rendered":"https:\/\/svetaobitelj.hr\/?p=1955"},"modified":"2021-09-25T14:44:08","modified_gmt":"2021-09-25T13:44:08","slug":"zupne-obavijesti-26-nedjelja-kroz-godinu-4","status":"publish","type":"post","link":"http:\/\/svetaobitelj.hr\/?p=1955","title":{"rendered":"\u017dupne obavijesti: 26. nedjelja kroz godinu"},"content":{"rendered":"\n<p>Slavimo dvadeset i \u0161estu nedjelju kroz godinu. Protekli tjedan bile su prijave za \u017eupne kateheze. Prijavljeno je: prvi razredi osnovnih \u0161kola 25 u\u010denika, drugi razredi osnovnih \u0161kola 56 u\u010denika, tre\u0107i razredi osnovnih \u0161kola 55 u\u010denika, osmi razredi osnovnih \u0161kola 60 u\u010denika, prvi razredi srednjih \u0161kola 34 u\u010denika, drugi razredi srednjih \u0161kola 53 u\u010denika. Raspored \u017eupnih kateheza bit \u0107e objavljen sljede\u0107e nedjelje.<\/p>\n\n\n\n<p>Sutra je biblijski sat nakon ve\u010dernje svete mise. U srijedu slavimo svete arkan\u0111ele Mihaela, Gabrijela i Rafaela. Svete mise su u 7:30 i 18:30 sati. Crkveni god slave u \u017eupi sv. Mihaela u Tvr\u0111i. U \u010detvrtak je redoviti sastanak \u017eupnih vije\u0107a u 19:30 sati. U petak zapo\u010dinje pobo\u017enost devet prvih petaka u 18:00 sati, a svetom misom u 18:30 zapo\u010dinje trodnevnica u \u010dast sv. Franje Asi\u0161koga. Petkom su probe pjevanja mje\u0161ovitog \u017eupnog zbora nakon ve\u010dernje svete mise. Listopadske pobo\u017enosti su svaki dan u 18:00 sati osim ovoga petka. U subotu je proba pjevanja djece u 10:00 sati. Pod ve\u010dernjom svetom misom molimo za duhovna zvanja budu\u0107i da je prva subota u mjesecu, a klanjanje pred Presvetim je nakon te mise. <\/p>\n\n\n\n<p>Sljede\u0107e nedjelje slavimo dvadeset i sedmu nedjelju kroz godinu. Ujedno je prva nedjelja u mjesecu kada se svojim molitvama i nov\u010danim prilozima sje\u0107amo na\u0161ih odgojnih ustanova \u2013 sjemeni\u0161ta te molimo za duhovna zvanja. Pod jutarnjom svetom misom molit \u0107emo za dobro\u010dinitelje ove na\u0161e crkve i samostana, a pod ve\u010dernjom svetom misom imat \u0107emo Obred preminu\u0107a sv. Franje Asi\u0161koga.<\/p>\n\n\n\n<p>Hodo\u010da\u0161\u0107e studenata na\u0161e Nadbiskupije u Aljma\u0161 bit \u0107e u subotu, 9. listopada ove godine. Mladi se na hodo\u010da\u0161\u0107e trebaju prijaviti kod svojih \u017eupnika ili studentskih kapelana ili svojih duhovnika najkasnije do 4. listopada ove godine.<\/p>\n\n\n\n<p>Ovogodi\u0161nji katekumenat punoljetnih osoba za primanje sakramenata kr\u0161\u0107anske inicijacije zapo\u010det \u0107e 12. listopada u 19:15 sati u dvorani \u017eupe sv. Mihaela u Osijeku u Tvr\u0111i. Nije se potrebno unaprijed prijavljivati, nego je dovoljno do\u0107i na prvi susret kada \u0107e biti i upis.<\/p>\n\n\n\n<p>Zahvalni za va\u0161u dosada\u0161nju pomo\u0107 kojom poma\u017eete obnovu na\u0161ih crkava i samostana nastradalih u pro\u0161logodi\u0161njim potresima, preporu\u010damo se i nadalje va\u0161oj dobroti. Svoj nov\u010dani prilog mo\u017eete dati u posebno ozna\u010denu \u0161krabicu pri izlazu iz crkve ili u \u017eupni ured ili direktno uplatiti na ra\u010dun koji se nalazi na plakatu ili letku.<\/p>\n\n\n\n<p>U na\u0161oj \u017eupnoj crkvi obveza je dezinfekcija ruku, no\u0161enje maski i potrebna tjelesna udaljenost. Redari nam poma\u017eu u po\u0161tivanju tih mjera. <\/p>\n\n\n\n<p>Molimo sve vas koji jo\u0161 nemate \u017eupnu obiteljsku knji\u017eicu ili je potrebno upisati promjene u postoje\u0107e, da se javite u \u017eupni ured u uredovno vrijeme.<\/p>\n\n\n\n<p>Kupujte i \u010ditajte katoli\u010dki vjerski tisak. U \u017eupnom uredu i sakristiji mo\u017eete kupiti kalendare za sljede\u0107u godinu.<\/p>\n","protected":false},"excerpt":{"rendered":"<p>Slavimo dvadeset i \u0161estu nedjelju kroz godinu. Protekli tjedan bile su prijave za \u017eupne kateheze. Prijavljeno je: prvi razredi osnovnih \u0161kola 25 u\u010denika, drugi razredi osnovnih \u0161kola 56 u\u010denika, tre\u0107i razredi osnovnih \u0161kola 55 u\u010denika, osmi razredi osnovnih \u0161kola 60 u\u010denika, prvi razredi srednjih \u0161kola 34 u\u010denika, drugi razredi srednjih \u0161kola 53 u\u010denika. Raspored \u017eupnih <a href=\"http:\/\/svetaobitelj.hr\/?p=1955\" class=\"more-link\">[&hellip;]<\/a><\/p>\n","protected":false},"author":2,"featured_media":0,"comment_status":"closed","ping_status":"open","sticky":false,"template":"","format":"standard","meta":{"footnotes":""},"categories":[3],"tags":[],"class_list":["entry","author-","post-1955","post","type-post","status-publish","format-standard","category-zupa"],"_links":{"self":[{"href":"http:\/\/svetaobitelj.hr\/index.php?rest_route=\/wp\/v2\/posts\/1955","targetHints":{"allow":["GET"]}}],"collection":[{"href":"http:\/\/svetaobitelj.hr\/index.php?rest_route=\/wp\/v2\/posts"}],"about":[{"href":"http:\/\/svetaobitelj.hr\/index.php?rest_route=\/wp\/v2\/types\/post"}],"author":[{"embeddable":true,"href":"http:\/\/svetaobitelj.hr\/index.php?rest_route=\/wp\/v2\/users\/2"}],"replies":[{"embeddable":true,"href":"http:\/\/svetaobitelj.hr\/index.php?rest_route=%2Fwp%2Fv2%2Fcomments&post=1955"}],"version-history":[{"count":3,"href":"http:\/\/svetaobitelj.hr\/index.php?rest_route=\/wp\/v2\/posts\/1955\/revisions"}],"predecessor-version":[{"id":1958,"href":"http:\/\/svetaobitelj.hr\/index.php?rest_route=\/wp\/v2\/posts\/1955\/revisions\/1958"}],"wp:attachment":[{"href":"http:\/\/svetaobitelj.hr\/index.php?rest_route=%2Fwp%2Fv2%2Fmedia&parent=1955"}],"wp:term":[{"taxonomy":"category","embeddable":true,"href":"http:\/\/svetaobitelj.hr\/index.php?rest_route=%2Fwp%2Fv2%2Fcategories&post=1955"},{"taxonomy":"post_tag","embeddable":true,"href":"http:\/\/svetaobitelj.hr\/index.php?rest_route=%2Fwp%2Fv2%2Ftags&post=1955"}],"curies":[{"name":"wp","href":"https:\/\/api.w.org\/{rel}","templated":true}]}}