{"id":1946,"date":"2021-09-17T09:41:19","date_gmt":"2021-09-17T08:41:19","guid":{"rendered":"http:\/\/svetaobitelj.hr\/?p=1946"},"modified":"2021-09-17T09:41:19","modified_gmt":"2021-09-17T08:41:19","slug":"zupne-obavijesti-25-nedjelja-kroz-godinu-4","status":"publish","type":"post","link":"http:\/\/svetaobitelj.hr\/?p=1946","title":{"rendered":"\u017dupne obavijesti: 25. nedjelja kroz godinu"},"content":{"rendered":"\n<p>Sl<strong>avimo dvadeset i petu nedjelju kroz godinu.<\/strong><\/p>\n\n\n\n<p><strong>Prijave za \u017eupne kateheze su u \u017eupnom uredu od sutra pa do srijede od 8:30 \u2013 10:30 te od 16:00 \u2013 18:00 sati. \u017dupne kateheze su obvezne uz \u0161kolski vjeronauk i poha\u0111anje svetih misa kao priprava za primanje prve sv. ispovijedi, prve sv. pri\u010desti i sv. potvrde. Kateheze su za prve, druge, tre\u0107e i osme razrede osnovnih \u0161kola te prve i druge razrede srednjih \u0161kola. Kod prijave potrebno je donijeti \u017eupnu obiteljsku knji\u017eicu.<\/strong><\/p>\n\n\n\n<p><strong>Sutra je biblijski sat nakon ve\u010dernje svete mise.<\/strong><\/p>\n\n\n\n<p><strong>U \u010detvrtak je klanjanje pred Presvetim nakon ve\u010dernje svete mise.<\/strong><\/p>\n\n\n\n<p><strong>Petkom je proba pjevanja mje\u0161ovitog \u017eupnog zbora nakon ve\u010dernje svete mise, a subotom je proba pjevanja djece u 10:00 sati.<\/strong><\/p>\n\n\n\n<p><strong>Sljede\u0107e nedjelje slavimo dvadeset i \u0161estu nedjelju kroz godinu.<\/strong><\/p>\n\n\n\n<p><strong>Hodo\u010da\u0161\u0107e studenata na\u0161e Nadbiskupije u Aljma\u0161 bit \u0107e u subotu, 9. listopada ove godine. Studenti bi se trebali toga dana okupiti u dvori\u0161tu \u017dupe sv. \u0106irila i Metoda u Osijeku, odakle bi se pje\u0161ice uputili prema Aljma\u0161u. Du\u017eina puta je 26 km. Mladi se na hodo\u010da\u0161\u0107e trebaju prijaviti kod svojih \u017eupnika ili studentskih kapelana ili svojih duhovnika najkasnije do 4. listopada ove godine.<\/strong><\/p>\n\n\n\n<p><strong>Ovogodi\u0161nji katekumenat punoljetnih osoba za primanje sakramenata kr\u0161\u0107anske inicijacije zapo\u010det \u0107e 12. listopada u 19:15 sati u dvorani \u017eupe sv. Mihaela u Osijeku u Tvr\u0111i. Nije se potrebno unaprijed prijavljivati, nego je dovoljno do\u0107i na prvi susret kada \u0107e biti i upis.<\/strong><\/p>\n\n\n\n<p><strong>Zahvalni za va\u0161u dosada\u0161nju pomo\u0107 kojom poma\u017eete obnovu na\u0161ih crkava i samostana nastradalih u pro\u0161logodi\u0161njim potresima, preporu\u010damo se i nadalje va\u0161oj dobroti. Svoj nov\u010dani prilog mo\u017eete dati u posebno ozna\u010denu \u0161krabicu pri izlazu iz crkve ili u \u017eupni ured ili direktno uplatiti na ra\u010dun koji se nalazi na plakatu ili letku.<\/strong><\/p>\n\n\n\n<p><strong>U na\u0161oj \u017eupnoj crkvi obveza je dezinfekcija ruku, no\u0161enje maski i potrebna tjelesna udaljenost. Redari nam poma\u017eu u po\u0161tivanju tih mjera.<\/strong><\/p>\n\n\n\n<p><strong>Molimo sve vas koji jo\u0161 nemate \u017eupnu obiteljsku knji\u017eicu ili je potrebno upisati promjene u postoje\u0107e, da se javite u \u017eupni ured u uredovno vrijeme.<\/strong><\/p>\n\n\n\n<p><strong>Kupujte i \u010ditajte katoli\u010dki vjerski tisak. U \u017eupnom uredu i sakristiji mo\u017eete kupiti kalendare za sljede\u0107u godinu.<\/strong><\/p>\n","protected":false},"excerpt":{"rendered":"<p>Slavimo dvadeset i petu nedjelju kroz godinu. Prijave za \u017eupne kateheze su u \u017eupnom uredu od sutra pa do srijede od 8:30 \u2013 10:30 te od 16:00 \u2013 18:00 sati. \u017dupne kateheze su obvezne uz \u0161kolski vjeronauk i poha\u0111anje svetih misa kao priprava za primanje prve sv. ispovijedi, prve sv. pri\u010desti i sv. potvrde. Kateheze <a href=\"http:\/\/svetaobitelj.hr\/?p=1946\" class=\"more-link\">[&hellip;]<\/a><\/p>\n","protected":false},"author":2,"featured_media":0,"comment_status":"closed","ping_status":"open","sticky":false,"template":"","format":"standard","meta":{"footnotes":""},"categories":[3],"tags":[],"class_list":["entry","author-","post-1946","post","type-post","status-publish","format-standard","category-zupa"],"_links":{"self":[{"href":"http:\/\/svetaobitelj.hr\/index.php?rest_route=\/wp\/v2\/posts\/1946","targetHints":{"allow":["GET"]}}],"collection":[{"href":"http:\/\/svetaobitelj.hr\/index.php?rest_route=\/wp\/v2\/posts"}],"about":[{"href":"http:\/\/svetaobitelj.hr\/index.php?rest_route=\/wp\/v2\/types\/post"}],"author":[{"embeddable":true,"href":"http:\/\/svetaobitelj.hr\/index.php?rest_route=\/wp\/v2\/users\/2"}],"replies":[{"embeddable":true,"href":"http:\/\/svetaobitelj.hr\/index.php?rest_route=%2Fwp%2Fv2%2Fcomments&post=1946"}],"version-history":[{"count":1,"href":"http:\/\/svetaobitelj.hr\/index.php?rest_route=\/wp\/v2\/posts\/1946\/revisions"}],"predecessor-version":[{"id":1947,"href":"http:\/\/svetaobitelj.hr\/index.php?rest_route=\/wp\/v2\/posts\/1946\/revisions\/1947"}],"wp:attachment":[{"href":"http:\/\/svetaobitelj.hr\/index.php?rest_route=%2Fwp%2Fv2%2Fmedia&parent=1946"}],"wp:term":[{"taxonomy":"category","embeddable":true,"href":"http:\/\/svetaobitelj.hr\/index.php?rest_route=%2Fwp%2Fv2%2Fcategories&post=1946"},{"taxonomy":"post_tag","embeddable":true,"href":"http:\/\/svetaobitelj.hr\/index.php?rest_route=%2Fwp%2Fv2%2Ftags&post=1946"}],"curies":[{"name":"wp","href":"https:\/\/api.w.org\/{rel}","templated":true}]}}