{"id":1940,"date":"2021-09-11T15:40:30","date_gmt":"2021-09-11T14:40:30","guid":{"rendered":"http:\/\/svetaobitelj.hr\/?p=1940"},"modified":"2021-09-11T15:40:30","modified_gmt":"2021-09-11T14:40:30","slug":"zupne-obavijesti-24-nedjelja-kroz-godinu-4","status":"publish","type":"post","link":"http:\/\/svetaobitelj.hr\/?p=1940","title":{"rendered":"\u017dupne obavijesti: 24. nedjelja kroz godinu"},"content":{"rendered":"\n<p>Slavimo dvadeset i \u010detvrtu nedjelju kroz godinu. Redoviti susret Mjesnoga bratstva OFS-a je u 16:30 sati.<br>Sutra je biblijski sat nakon ve\u010dernje svete mise.<\/p>\n\n\n\n<p>U utorak slavimo Uzvi\u0161enje sv. Kri\u017ea. Svete mise su u 7:30 i 18:30 sati.<br><\/p>\n\n\n\n<p>U srijedu je susret molitvene zajednice nakon ve\u010dernje svete mise.<\/p>\n\n\n\n<p>U \u010detvrtak je klanjanje pred Presvetim nakon ve\u010dernje svete mise.<\/p>\n\n\n\n<p>Petkom je proba pjevanja mje\u0161ovitog \u017eupnog zbora nakon ve\u010dernje svete mise, a subotom je proba pjevanja djece u 10:00 sati.<\/p>\n\n\n\n<p>Sljede\u0107e nedjelje slavimo dvadeset i petu nedjelju kroz godinu. U na\u0161oj je Nadbiskupiji Katehetska nedjelja pa \u0107emo pod svetom misom u 11:00 sati imati Zaziv Duha Svetoga za po\u010detak \u0161kolske i vjeronau\u010dne godine.<\/p>\n\n\n\n<p>Prijave za \u017eupne kateheze bit \u0107e u \u017eupnom uredu od 20. do 22. rujna ove godine (ponedjeljak, utorak i srijeda) od 8:30 \u2013 11:00 te od 16:00 \u2013 18:00 sati. \u017dupne kateheze su obvezne uz \u0161kolski vjeronauk i poha\u0111anje svetih misa kao priprava za primanje prve sv. ispovijedi, prve sv. pri\u010desti i sv. potvrde. Kateheze su za prve, druge, tre\u0107e i osme razrede osnovnih \u0161kola te prve i druge razrede srednjih \u0161kola. Kod prijave potrebno je donijeti \u017eupnu obiteljsku knji\u017eicu.<\/p>\n\n\n\n<p><br>Ovogodi\u0161nji katekumenat punoljetnih osoba za primanje sakramenata kr\u0161\u0107anske inicijacije zapo\u010det \u0107e 12. listopada u 19:15 sati u dvorani \u017eupe sv. Mihaela u Osijeku u Tvr\u0111i. Nije se potrebno unaprijed prijavljivati, nego je dovoljno do\u0107i na prvi susret kada \u0107e biti i upis. <\/p>\n\n\n\n<p>Zahvalni za va\u0161u dosada\u0161nju pomo\u0107 kojom poma\u017eete obnovu na\u0161ih crkava i samostana nastradalih u pro\u0161logodi\u0161njim potresima, preporu\u010damo se i nadalje va\u0161oj dobroti. Svoj nov\u010dani prilog mo\u017eete dati u posebno ozna\u010denu \u0161krabicu pri izlazu iz crkve ili u \u017eupni ured ili direktno uplatiti na ra\u010dun koji se nalazi na plakatu ili letku.<\/p>\n\n\n\n<p>Jo\u0161 je uvijek u na\u0161oj \u017eupnoj crkvi obveza dezinfekcija ruku, no\u0161enje maski i potrebna tjelesna udaljenost. Redari nam poma\u017eu u po\u0161tivanju tih mjera.<\/p>\n\n\n\n<p><br>Molimo sve vas koji jo\u0161 nemate \u017eupnu obiteljsku knji\u017eicu ili je potrebno upisati promjene u postoje\u0107e, da se javite u \u017eupni ured u uredovno vrijeme.<\/p>\n\n\n\n<p>Kupujte i \u010ditajte katoli\u010dki vjerski tisak.<\/p>\n","protected":false},"excerpt":{"rendered":"<p>Slavimo dvadeset i \u010detvrtu nedjelju kroz godinu. Redoviti susret Mjesnoga bratstva OFS-a je u 16:30 sati.Sutra je biblijski sat nakon ve\u010dernje svete mise. U utorak slavimo Uzvi\u0161enje sv. Kri\u017ea. Svete mise su u 7:30 i 18:30 sati. U srijedu je susret molitvene zajednice nakon ve\u010dernje svete mise. U \u010detvrtak je klanjanje pred Presvetim nakon ve\u010dernje <a href=\"http:\/\/svetaobitelj.hr\/?p=1940\" class=\"more-link\">[&hellip;]<\/a><\/p>\n","protected":false},"author":2,"featured_media":0,"comment_status":"closed","ping_status":"open","sticky":false,"template":"","format":"standard","meta":{"footnotes":""},"categories":[3],"tags":[],"class_list":["entry","author-","post-1940","post","type-post","status-publish","format-standard","category-zupa"],"_links":{"self":[{"href":"http:\/\/svetaobitelj.hr\/index.php?rest_route=\/wp\/v2\/posts\/1940","targetHints":{"allow":["GET"]}}],"collection":[{"href":"http:\/\/svetaobitelj.hr\/index.php?rest_route=\/wp\/v2\/posts"}],"about":[{"href":"http:\/\/svetaobitelj.hr\/index.php?rest_route=\/wp\/v2\/types\/post"}],"author":[{"embeddable":true,"href":"http:\/\/svetaobitelj.hr\/index.php?rest_route=\/wp\/v2\/users\/2"}],"replies":[{"embeddable":true,"href":"http:\/\/svetaobitelj.hr\/index.php?rest_route=%2Fwp%2Fv2%2Fcomments&post=1940"}],"version-history":[{"count":3,"href":"http:\/\/svetaobitelj.hr\/index.php?rest_route=\/wp\/v2\/posts\/1940\/revisions"}],"predecessor-version":[{"id":1943,"href":"http:\/\/svetaobitelj.hr\/index.php?rest_route=\/wp\/v2\/posts\/1940\/revisions\/1943"}],"wp:attachment":[{"href":"http:\/\/svetaobitelj.hr\/index.php?rest_route=%2Fwp%2Fv2%2Fmedia&parent=1940"}],"wp:term":[{"taxonomy":"category","embeddable":true,"href":"http:\/\/svetaobitelj.hr\/index.php?rest_route=%2Fwp%2Fv2%2Fcategories&post=1940"},{"taxonomy":"post_tag","embeddable":true,"href":"http:\/\/svetaobitelj.hr\/index.php?rest_route=%2Fwp%2Fv2%2Ftags&post=1940"}],"curies":[{"name":"wp","href":"https:\/\/api.w.org\/{rel}","templated":true}]}}