{"id":1934,"date":"2021-09-09T09:15:36","date_gmt":"2021-09-09T08:15:36","guid":{"rendered":"http:\/\/svetaobitelj.hr\/?p=1934"},"modified":"2021-09-11T15:41:58","modified_gmt":"2021-09-11T14:41:58","slug":"sveta-misa-s-kukujevcanima","status":"publish","type":"post","link":"http:\/\/svetaobitelj.hr\/?p=1934","title":{"rendered":"Sveta misa s Kukujev\u010danima"},"content":{"rendered":"\n<figure class=\"wp-block-image size-large\"><img loading=\"lazy\" decoding=\"async\" width=\"1024\" height=\"768\" src=\"http:\/\/svetaobitelj.hr\/wp-content\/uploads\/2021\/09\/slika1-1-1024x768.jpg\" alt=\"\" class=\"wp-image-1935\" srcset=\"http:\/\/svetaobitelj.hr\/wp-content\/uploads\/2021\/09\/slika1-1-1024x768.jpg 1024w, http:\/\/svetaobitelj.hr\/wp-content\/uploads\/2021\/09\/slika1-1-300x225.jpg 300w, http:\/\/svetaobitelj.hr\/wp-content\/uploads\/2021\/09\/slika1-1-768x576.jpg 768w, http:\/\/svetaobitelj.hr\/wp-content\/uploads\/2021\/09\/slika1-1-1536x1152.jpg 1536w, http:\/\/svetaobitelj.hr\/wp-content\/uploads\/2021\/09\/slika1-1-2048x1536.jpg 2048w\" sizes=\"auto, (max-width: 1024px) 100vw, 1024px\" \/><\/figure>\n\n\n\n<p>U subotu 04. rujna 2021. godine fra Dragutin Bedeni\u010di\u0107 predslavio je svetu misu na kojoj su se okupili oni koji su porijeklom iz Kukujevaca, ali su na\u017ealost bili primorani uslijed velikosrpskog terora napustiti svoja ognji\u0161ta. Misnim slavljem zapo\u010deli su obilje\u017eavanje svoga dru\u017eenja, a zahvalni smo kao \u017eupa da su htjeli u na\u0161oj zajednici zapo\u010deti ovogodi\u0161nje slavlje. <\/p>\n","protected":false},"excerpt":{"rendered":"<p>U subotu 04. rujna 2021. godine fra Dragutin Bedeni\u010di\u0107 predslavio je svetu misu na kojoj su se okupili oni koji su porijeklom iz Kukujevaca, ali su na\u017ealost bili primorani uslijed velikosrpskog terora napustiti svoja ognji\u0161ta. Misnim slavljem zapo\u010deli su obilje\u017eavanje svoga dru\u017eenja, a zahvalni smo kao \u017eupa da su htjeli u na\u0161oj zajednici zapo\u010deti ovogodi\u0161nje <a href=\"http:\/\/svetaobitelj.hr\/?p=1934\" class=\"more-link\">[&hellip;]<\/a><\/p>\n","protected":false},"author":2,"featured_media":0,"comment_status":"closed","ping_status":"open","sticky":false,"template":"","format":"standard","meta":{"footnotes":""},"categories":[3],"tags":[],"class_list":["entry","author-","post-1934","post","type-post","status-publish","format-standard","category-zupa"],"_links":{"self":[{"href":"http:\/\/svetaobitelj.hr\/index.php?rest_route=\/wp\/v2\/posts\/1934","targetHints":{"allow":["GET"]}}],"collection":[{"href":"http:\/\/svetaobitelj.hr\/index.php?rest_route=\/wp\/v2\/posts"}],"about":[{"href":"http:\/\/svetaobitelj.hr\/index.php?rest_route=\/wp\/v2\/types\/post"}],"author":[{"embeddable":true,"href":"http:\/\/svetaobitelj.hr\/index.php?rest_route=\/wp\/v2\/users\/2"}],"replies":[{"embeddable":true,"href":"http:\/\/svetaobitelj.hr\/index.php?rest_route=%2Fwp%2Fv2%2Fcomments&post=1934"}],"version-history":[{"count":2,"href":"http:\/\/svetaobitelj.hr\/index.php?rest_route=\/wp\/v2\/posts\/1934\/revisions"}],"predecessor-version":[{"id":1944,"href":"http:\/\/svetaobitelj.hr\/index.php?rest_route=\/wp\/v2\/posts\/1934\/revisions\/1944"}],"wp:attachment":[{"href":"http:\/\/svetaobitelj.hr\/index.php?rest_route=%2Fwp%2Fv2%2Fmedia&parent=1934"}],"wp:term":[{"taxonomy":"category","embeddable":true,"href":"http:\/\/svetaobitelj.hr\/index.php?rest_route=%2Fwp%2Fv2%2Fcategories&post=1934"},{"taxonomy":"post_tag","embeddable":true,"href":"http:\/\/svetaobitelj.hr\/index.php?rest_route=%2Fwp%2Fv2%2Ftags&post=1934"}],"curies":[{"name":"wp","href":"https:\/\/api.w.org\/{rel}","templated":true}]}}