{"id":1922,"date":"2021-09-04T19:23:22","date_gmt":"2021-09-04T18:23:22","guid":{"rendered":"http:\/\/svetaobitelj.hr\/?p=1922"},"modified":"2021-09-04T19:23:23","modified_gmt":"2021-09-04T18:23:23","slug":"zupne-obavijesti-23-nedjelja-kroz-godinu-3","status":"publish","type":"post","link":"http:\/\/svetaobitelj.hr\/?p=1922","title":{"rendered":"\u017dupne obavijesti: 23. nedjelja kroz godinu"},"content":{"rendered":"\n<p><strong>Slavimo dvadeset i tre\u0107u nedjelju kroz godinu. Ujedno je prva nedjelja u mjesecu kada se svojim molitvama i nov\u010danim prilozima sje\u0107amo na\u0161ih odgojnih ustanova \u2013 sjemeni\u0161ta te molimo za duhovna zvanja. Svoj nov\u010dani prilog za sjemeni\u0161ta mo\u017eete dati na izlazu iz crkve. Od danas je nedjeljni raspored svetih misa u 7:00, 9:00, 11:00 i 18:30 sati.<\/strong><\/p>\n\n\n\n<p><strong>Primanje misnih nakana za sljede\u0107u godinu je u \u017eupnom uredu u uredovno vrijeme.<\/strong><\/p>\n\n\n\n<p><strong>U srijedu je Mala Gospa \u2013 Ro\u0111enje Bla\u017eene Djevice Marije. Svete mise su u 7:30 i 18:30 sati.<\/strong><\/p>\n\n\n\n<p><strong>U \u010detvrtak je pobo\u017enost na \u010dast bl. Mariji Petkovi\u0107 u 18:15, a klanjanje pred Presvetim je nakon ve\u010dernje svete mise.<\/strong><\/p>\n\n\n\n<p><strong>U petak je susret molitvene zajednice nakon ve\u010dernje svete mise.<\/strong><\/p>\n\n\n\n<p><strong>Sljede\u0107e nedjelje slavimo dvadeset i \u010detvrtu nedjelju kroz godinu. Redoviti susret Mjesnoga bratstva OFS-a bit \u0107e u 16:30 sati.<\/strong><\/p>\n\n\n\n<p><strong>Zahvalni za va\u0161u dosada\u0161nju pomo\u0107 kojom poma\u017eete obnovu na\u0161ih crkava i samostana nastradalih u pro\u0161logodi\u0161njim potresima, preporu\u010damo se i nadalje va\u0161oj dobroti. Svoj nov\u010dani prilog mo\u017eete dati u posebno ozna\u010denu \u0161krabicu pri izlazu iz crkve ili u \u017eupni ured ili direktno uplatiti na ra\u010dun koji se nalazi na plakatu ili letku.<\/strong><\/p>\n\n\n\n<p><strong>Jo\u0161 je uvijek u na\u0161oj \u017eupnoj crkvi obveza dezinfekcija ruku, no\u0161enje maski i potrebna tjelesna udaljenost. Redari nam poma\u017eu u po\u0161tivanju tih mjera.<\/strong><\/p>\n\n\n\n<p><strong>Molimo sve vas koji jo\u0161 nemate \u017eupnu obiteljsku knji\u017eicu ili je potrebno upisati promjene u postoje\u0107e, da se javite u \u017eupni ured u uredovno vrijeme.<\/strong><\/p>\n\n\n\n<p><strong>Kupujte i \u010ditajte katoli\u010dki vjerski tisak.<\/strong><\/p>\n\n\n\n<p><\/p>\n","protected":false},"excerpt":{"rendered":"<p>Slavimo dvadeset i tre\u0107u nedjelju kroz godinu. Ujedno je prva nedjelja u mjesecu kada se svojim molitvama i nov\u010danim prilozima sje\u0107amo na\u0161ih odgojnih ustanova \u2013 sjemeni\u0161ta te molimo za duhovna zvanja. Svoj nov\u010dani prilog za sjemeni\u0161ta mo\u017eete dati na izlazu iz crkve. Od danas je nedjeljni raspored svetih misa u 7:00, 9:00, 11:00 i 18:30 <a href=\"http:\/\/svetaobitelj.hr\/?p=1922\" class=\"more-link\">[&hellip;]<\/a><\/p>\n","protected":false},"author":2,"featured_media":0,"comment_status":"closed","ping_status":"open","sticky":false,"template":"","format":"standard","meta":{"footnotes":""},"categories":[3],"tags":[],"class_list":["entry","author-","post-1922","post","type-post","status-publish","format-standard","category-zupa"],"_links":{"self":[{"href":"http:\/\/svetaobitelj.hr\/index.php?rest_route=\/wp\/v2\/posts\/1922","targetHints":{"allow":["GET"]}}],"collection":[{"href":"http:\/\/svetaobitelj.hr\/index.php?rest_route=\/wp\/v2\/posts"}],"about":[{"href":"http:\/\/svetaobitelj.hr\/index.php?rest_route=\/wp\/v2\/types\/post"}],"author":[{"embeddable":true,"href":"http:\/\/svetaobitelj.hr\/index.php?rest_route=\/wp\/v2\/users\/2"}],"replies":[{"embeddable":true,"href":"http:\/\/svetaobitelj.hr\/index.php?rest_route=%2Fwp%2Fv2%2Fcomments&post=1922"}],"version-history":[{"count":1,"href":"http:\/\/svetaobitelj.hr\/index.php?rest_route=\/wp\/v2\/posts\/1922\/revisions"}],"predecessor-version":[{"id":1923,"href":"http:\/\/svetaobitelj.hr\/index.php?rest_route=\/wp\/v2\/posts\/1922\/revisions\/1923"}],"wp:attachment":[{"href":"http:\/\/svetaobitelj.hr\/index.php?rest_route=%2Fwp%2Fv2%2Fmedia&parent=1922"}],"wp:term":[{"taxonomy":"category","embeddable":true,"href":"http:\/\/svetaobitelj.hr\/index.php?rest_route=%2Fwp%2Fv2%2Fcategories&post=1922"},{"taxonomy":"post_tag","embeddable":true,"href":"http:\/\/svetaobitelj.hr\/index.php?rest_route=%2Fwp%2Fv2%2Ftags&post=1922"}],"curies":[{"name":"wp","href":"https:\/\/api.w.org\/{rel}","templated":true}]}}