{"id":1918,"date":"2021-08-27T15:22:19","date_gmt":"2021-08-27T14:22:19","guid":{"rendered":"http:\/\/svetaobitelj.hr\/?p=1918"},"modified":"2021-08-27T15:22:19","modified_gmt":"2021-08-27T14:22:19","slug":"zupne-obavijesti-22-nedjelja-kroz-godinu-4","status":"publish","type":"post","link":"http:\/\/svetaobitelj.hr\/?p=1918","title":{"rendered":"\u017dupne obavijesti: 22. nedjelja kroz godinu"},"content":{"rendered":"\n<p><strong>Slavimo dvadeset i drugu nedjelju kroz godinu.<\/strong><\/p>\n\n\n\n<p><strong>Primanje misnih nakana za sljede\u0107u godinu je u \u017eupnom uredu u uredovno vrijeme.<\/strong><\/p>\n\n\n\n<p><strong>U petak je susret molitvene zajednice nakon ve\u010dernje svete mise.<\/strong><\/p>\n\n\n\n<p><strong>U subotu je u 17:30 sati sveta misa Zavi\u010dajne udruge Kukujev\u010dana. Pod &nbsp;svetom misom u 18:30 molimo za duhovna zvanja, budu\u0107i da je prva subota u mjesecu, a nakon te mise klanjanje je pred Presvetim.<\/strong><\/p>\n\n\n\n<p><strong>Sljede\u0107e nedjelje slavimo dvadeset i tre\u0107u nedjelju kroz godinu. Ujedno je prva nedjelja u mjesecu kada se svojim molitvama i nov\u010danim prilozima sje\u0107amo na\u0161ih odgojnih ustanova \u2013 sjemeni\u0161ta te molimo za duhovna zvanja. Pod jutarnjom svetom misom molit \u0107emo za dobro\u010dinitelje ove na\u0161e crkve i samostana. Od sljede\u0107e nedjelje nedjeljni raspored svetih misa je u 7:00, 9:00, 11:00 i 18:30 sati.<\/strong><\/p>\n\n\n\n<p><strong>Zahvalni za va\u0161u dosada\u0161nju pomo\u0107 kojom poma\u017eete obnovu na\u0161ih crkava i samostana nastradalih u pro\u0161logodi\u0161njim potresima, preporu\u010damo se i nadalje va\u0161oj dobroti. Svoj nov\u010dani prilog mo\u017eete dati u posebno ozna\u010denu \u0161krabicu pri izlazu iz crkve ili u \u017eupni ured ili direktno uplatiti na ra\u010dun koji se nalazi na plakatu ili letku.<\/strong><\/p>\n\n\n\n<p><strong>Molimo sve vas koji jo\u0161 nemate \u017eupnu obiteljsku knji\u017eicu ili je potrebno upisati promjene u postoje\u0107e, da se javite u \u017eupni ured u uredovno vrijeme.<\/strong><\/p>\n\n\n\n<p><strong>Ve\u0107ina na\u0161ih vjernika razumije upute Sto\u017eera pa znamo da ako svi imamo Covid putovnice smijemo biti bez maski u zatvorenom prostoru. Jasno da ne \u017eelimo braniti nikome da sudjeluje na svetim misama, a svjesni smo da nisu svi cijepljeni ili da nisu preboljeli koronu ili da svi imamo tzv. Covid putovnicu. Zato je i nadalje obveza dezinfekcija ruku, no\u0161enje maski i potrebna tjelesna udaljenost. Redari nam poma\u017eu u po\u0161tivanju tih mjera.<\/strong><\/p>\n\n\n\n<p><strong>Kupujte i \u010ditajte katoli\u010dki vjerski tisak.<\/strong><\/p>\n","protected":false},"excerpt":{"rendered":"<p>Slavimo dvadeset i drugu nedjelju kroz godinu. Primanje misnih nakana za sljede\u0107u godinu je u \u017eupnom uredu u uredovno vrijeme. U petak je susret molitvene zajednice nakon ve\u010dernje svete mise. U subotu je u 17:30 sati sveta misa Zavi\u010dajne udruge Kukujev\u010dana. Pod &nbsp;svetom misom u 18:30 molimo za duhovna zvanja, budu\u0107i da je prva subota <a href=\"http:\/\/svetaobitelj.hr\/?p=1918\" class=\"more-link\">[&hellip;]<\/a><\/p>\n","protected":false},"author":2,"featured_media":0,"comment_status":"closed","ping_status":"open","sticky":false,"template":"","format":"standard","meta":{"footnotes":""},"categories":[3],"tags":[],"class_list":["entry","author-","post-1918","post","type-post","status-publish","format-standard","category-zupa"],"_links":{"self":[{"href":"http:\/\/svetaobitelj.hr\/index.php?rest_route=\/wp\/v2\/posts\/1918","targetHints":{"allow":["GET"]}}],"collection":[{"href":"http:\/\/svetaobitelj.hr\/index.php?rest_route=\/wp\/v2\/posts"}],"about":[{"href":"http:\/\/svetaobitelj.hr\/index.php?rest_route=\/wp\/v2\/types\/post"}],"author":[{"embeddable":true,"href":"http:\/\/svetaobitelj.hr\/index.php?rest_route=\/wp\/v2\/users\/2"}],"replies":[{"embeddable":true,"href":"http:\/\/svetaobitelj.hr\/index.php?rest_route=%2Fwp%2Fv2%2Fcomments&post=1918"}],"version-history":[{"count":1,"href":"http:\/\/svetaobitelj.hr\/index.php?rest_route=\/wp\/v2\/posts\/1918\/revisions"}],"predecessor-version":[{"id":1919,"href":"http:\/\/svetaobitelj.hr\/index.php?rest_route=\/wp\/v2\/posts\/1918\/revisions\/1919"}],"wp:attachment":[{"href":"http:\/\/svetaobitelj.hr\/index.php?rest_route=%2Fwp%2Fv2%2Fmedia&parent=1918"}],"wp:term":[{"taxonomy":"category","embeddable":true,"href":"http:\/\/svetaobitelj.hr\/index.php?rest_route=%2Fwp%2Fv2%2Fcategories&post=1918"},{"taxonomy":"post_tag","embeddable":true,"href":"http:\/\/svetaobitelj.hr\/index.php?rest_route=%2Fwp%2Fv2%2Ftags&post=1918"}],"curies":[{"name":"wp","href":"https:\/\/api.w.org\/{rel}","templated":true}]}}