{"id":1909,"date":"2021-08-14T12:07:28","date_gmt":"2021-08-14T11:07:28","guid":{"rendered":"http:\/\/svetaobitelj.hr\/?p=1909"},"modified":"2021-08-14T12:07:28","modified_gmt":"2021-08-14T11:07:28","slug":"zupne-obavijesti-uznesenje-blazene-djevice-marije-velika-gospa","status":"publish","type":"post","link":"http:\/\/svetaobitelj.hr\/?p=1909","title":{"rendered":"\u017dupne obavijesti: Uznesenje Bla\u017eene Djevice Marije &#8211; Velika Gospa &#8211;"},"content":{"rendered":"\n<p>Slavimo zapovijedanu svetkovinu Uznesenja Bla\u017eene Djevice Marije \u2013 Veliku Gospu.<\/p>\n\n\n\n<p>Primanje misnih nakana za sljede\u0107u godinu je u \u017eupnom uredu u uredovno vrijeme.<\/p>\n\n\n\n<p>U \u010detvrtak je klanjanje pred Presvetim nakon ve\u010dernje svete mise.<\/p>\n\n\n\n<p>U petak je susret molitvene zajednice nakon ve\u010dernje svete mise.<\/p>\n\n\n\n<p>Sljede\u0107e nedjelje slavimo dvadeset i prvu nedjelju kroz godinu.<\/p>\n\n\n\n<p>Zahvalni za va\u0161u dosada\u0161nju pomo\u0107 kojom poma\u017eete obnovu na\u0161ih crkava i samostana nastradalih u pro\u0161logodi\u0161njim potresima, preporu\u010damo se i nadalje va\u0161oj dobroti. Svoj nov\u010dani prilog mo\u017eete dati u posebno ozna\u010denu \u0161krabicu pri izlazu iz crkve ili u \u017eupni ured ili direktno uplatiti na ra\u010dun koji se nalazi na plakatu ili letku.<\/p>\n\n\n\n<p>Molimo sve vas koji jo\u0161 nemate \u017eupnu obiteljsku knji\u017eicu ili je potrebno upisati promjene u postoje\u0107e, da se javite u \u017eupni ured u uredovno vrijeme.<\/p>\n\n\n\n<p>Ve\u0107ina na\u0161ih vjernika razumije upute Sto\u017eera pa znamo da ako svi imamo Covid putovnice smijemo biti bez maski u zatvorenom prostoru. Jasno da ne \u017eelimo braniti nikome da sudjeluje na svetim misama, a svjesni smo da nisu svi cijepljeni ili da nisu preboljeli koronu ili da svi imamo tzv. Covid putovnicu. Zato je i nadalje obveza dezinfekcija ruku, no\u0161enje maski i potrebna tjelesna udaljenost. Redari nam poma\u017eu u po\u0161tivanju tih mjera.<\/p>\n\n\n\n<p>Kupujte i \u010ditajte katoli\u010dki vjerski tisak.<\/p>\n","protected":false},"excerpt":{"rendered":"<p>Slavimo zapovijedanu svetkovinu Uznesenja Bla\u017eene Djevice Marije \u2013 Veliku Gospu. Primanje misnih nakana za sljede\u0107u godinu je u \u017eupnom uredu u uredovno vrijeme. U \u010detvrtak je klanjanje pred Presvetim nakon ve\u010dernje svete mise. U petak je susret molitvene zajednice nakon ve\u010dernje svete mise. Sljede\u0107e nedjelje slavimo dvadeset i prvu nedjelju kroz godinu. Zahvalni za va\u0161u <a href=\"http:\/\/svetaobitelj.hr\/?p=1909\" class=\"more-link\">[&hellip;]<\/a><\/p>\n","protected":false},"author":2,"featured_media":0,"comment_status":"closed","ping_status":"open","sticky":false,"template":"","format":"standard","meta":{"footnotes":""},"categories":[3],"tags":[],"class_list":["entry","author-","post-1909","post","type-post","status-publish","format-standard","category-zupa"],"_links":{"self":[{"href":"http:\/\/svetaobitelj.hr\/index.php?rest_route=\/wp\/v2\/posts\/1909","targetHints":{"allow":["GET"]}}],"collection":[{"href":"http:\/\/svetaobitelj.hr\/index.php?rest_route=\/wp\/v2\/posts"}],"about":[{"href":"http:\/\/svetaobitelj.hr\/index.php?rest_route=\/wp\/v2\/types\/post"}],"author":[{"embeddable":true,"href":"http:\/\/svetaobitelj.hr\/index.php?rest_route=\/wp\/v2\/users\/2"}],"replies":[{"embeddable":true,"href":"http:\/\/svetaobitelj.hr\/index.php?rest_route=%2Fwp%2Fv2%2Fcomments&post=1909"}],"version-history":[{"count":1,"href":"http:\/\/svetaobitelj.hr\/index.php?rest_route=\/wp\/v2\/posts\/1909\/revisions"}],"predecessor-version":[{"id":1910,"href":"http:\/\/svetaobitelj.hr\/index.php?rest_route=\/wp\/v2\/posts\/1909\/revisions\/1910"}],"wp:attachment":[{"href":"http:\/\/svetaobitelj.hr\/index.php?rest_route=%2Fwp%2Fv2%2Fmedia&parent=1909"}],"wp:term":[{"taxonomy":"category","embeddable":true,"href":"http:\/\/svetaobitelj.hr\/index.php?rest_route=%2Fwp%2Fv2%2Fcategories&post=1909"},{"taxonomy":"post_tag","embeddable":true,"href":"http:\/\/svetaobitelj.hr\/index.php?rest_route=%2Fwp%2Fv2%2Ftags&post=1909"}],"curies":[{"name":"wp","href":"https:\/\/api.w.org\/{rel}","templated":true}]}}