{"id":1901,"date":"2021-08-07T17:38:01","date_gmt":"2021-08-07T16:38:01","guid":{"rendered":"http:\/\/svetaobitelj.hr\/?p=1901"},"modified":"2021-08-07T17:38:01","modified_gmt":"2021-08-07T16:38:01","slug":"zupne-obavijesti-19-nedjelja-kroz-godinu-4","status":"publish","type":"post","link":"http:\/\/svetaobitelj.hr\/?p=1901","title":{"rendered":"\u017dupne obavijesti: 19. nedjelja kroz godinu"},"content":{"rendered":"\n<p>Slavimo devetnaestu nedjelju kroz godinu.<\/p>\n\n\n\n<p>Od sutra primamo misne nakane za sljede\u0107u godinu. Primanje misnih nakana je u \u017eupnom uredu u uredovno vrijeme, a sutra \u0107e \u017eupni ured biti otvoren od 8:30 do 10:00 i od 17:00 do 18:00 sati. Sutra je pobo\u017enost na \u010dast bl. Mariji Petkovi\u0107 u 18:15.<\/p>\n\n\n\n<p>U srijedu slavimo sv. Klaru Asi\u0161ku. Svete mise su u 7:30 i 18:30.<\/p>\n\n\n\n<p>U \u010detvrtak ne\u0107e biti klanjanja pred Presvetim nakon ve\u010dernje svete mise.<\/p>\n\n\n\n<p>Sljede\u0107e nedjelje slavimo zapovijedanu svetkovinu Uznesenja Bla\u017eene Djevice Marije \u2013 Veliku Gospu. Svete mise su u na\u0161oj \u017eupi u 7:00, 10:00 i 18:30. Rasporede misnih slavlja za Veliku Gospu u marijanskim sveti\u0161tima u na\u0161oj nadbiskupiji imate na oglasnoj plo\u010di kao i upute Policije kako se treba pona\u0161ati tijekom hodo\u010da\u0161\u0107a.<\/p>\n\n\n\n<p>Zahvalni za va\u0161u dosada\u0161nju pomo\u0107 kojom poma\u017eete obnovu na\u0161ih crkava i samostana nastradalih u pro\u0161logodi\u0161njim potresima, preporu\u010damo se i nadalje va\u0161oj dobroti. Svoj nov\u010dani prilog mo\u017eete dati u posebno ozna\u010denu \u0161krabicu pri izlazu iz crkve ili u \u017eupni ured ili direktno uplatiti na ra\u010dun koji se nalazi na plakatu ili letku.<\/p>\n\n\n\n<p>Molimo sve vas koji jo\u0161 nemate \u017eupnu obiteljsku knji\u017eicu ili je potrebno upisati promjene u postoje\u0107e, da se javite u \u017eupni ured u uredovno vrijeme.<\/p>\n\n\n\n<p>Ve\u0107ina na\u0161ih vjernika razumije upute Sto\u017eera pa znamo da ako svi imamo Covid putovnice smijemo biti bez maski u zatvorenom prostoru. Jasno da ne \u017eelimo braniti nikome da sudjeluje na svetim misama, a svjesni smo da nisu svi cijepljeni ili da nisu preboljeli koronu ili da svi imamo tzv. Covid putovnicu. Zato je i nadalje obveza dezinfekcija ruku, no\u0161enje maski i potrebna tjelesna udaljenost. Redari nam poma\u017eu u po\u0161tivanju tih mjera.<\/p>\n\n\n\n<p>Kupujte i \u010ditajte katoli\u010dki vjerski tisak.<\/p>\n","protected":false},"excerpt":{"rendered":"<p>Slavimo devetnaestu nedjelju kroz godinu. Od sutra primamo misne nakane za sljede\u0107u godinu. Primanje misnih nakana je u \u017eupnom uredu u uredovno vrijeme, a sutra \u0107e \u017eupni ured biti otvoren od 8:30 do 10:00 i od 17:00 do 18:00 sati. Sutra je pobo\u017enost na \u010dast bl. Mariji Petkovi\u0107 u 18:15. U srijedu slavimo sv. Klaru <a href=\"http:\/\/svetaobitelj.hr\/?p=1901\" class=\"more-link\">[&hellip;]<\/a><\/p>\n","protected":false},"author":2,"featured_media":0,"comment_status":"closed","ping_status":"open","sticky":false,"template":"","format":"standard","meta":{"footnotes":""},"categories":[3],"tags":[],"class_list":["entry","author-","post-1901","post","type-post","status-publish","format-standard","category-zupa"],"_links":{"self":[{"href":"http:\/\/svetaobitelj.hr\/index.php?rest_route=\/wp\/v2\/posts\/1901","targetHints":{"allow":["GET"]}}],"collection":[{"href":"http:\/\/svetaobitelj.hr\/index.php?rest_route=\/wp\/v2\/posts"}],"about":[{"href":"http:\/\/svetaobitelj.hr\/index.php?rest_route=\/wp\/v2\/types\/post"}],"author":[{"embeddable":true,"href":"http:\/\/svetaobitelj.hr\/index.php?rest_route=\/wp\/v2\/users\/2"}],"replies":[{"embeddable":true,"href":"http:\/\/svetaobitelj.hr\/index.php?rest_route=%2Fwp%2Fv2%2Fcomments&post=1901"}],"version-history":[{"count":1,"href":"http:\/\/svetaobitelj.hr\/index.php?rest_route=\/wp\/v2\/posts\/1901\/revisions"}],"predecessor-version":[{"id":1902,"href":"http:\/\/svetaobitelj.hr\/index.php?rest_route=\/wp\/v2\/posts\/1901\/revisions\/1902"}],"wp:attachment":[{"href":"http:\/\/svetaobitelj.hr\/index.php?rest_route=%2Fwp%2Fv2%2Fmedia&parent=1901"}],"wp:term":[{"taxonomy":"category","embeddable":true,"href":"http:\/\/svetaobitelj.hr\/index.php?rest_route=%2Fwp%2Fv2%2Fcategories&post=1901"},{"taxonomy":"post_tag","embeddable":true,"href":"http:\/\/svetaobitelj.hr\/index.php?rest_route=%2Fwp%2Fv2%2Ftags&post=1901"}],"curies":[{"name":"wp","href":"https:\/\/api.w.org\/{rel}","templated":true}]}}