{"id":1893,"date":"2021-07-30T20:41:12","date_gmt":"2021-07-30T19:41:12","guid":{"rendered":"https:\/\/svetaobitelj.hr\/?p=1893"},"modified":"2021-07-30T20:41:50","modified_gmt":"2021-07-30T19:41:50","slug":"zupne-obavijesti-18-nedjelja-kroz-godinu-4","status":"publish","type":"post","link":"http:\/\/svetaobitelj.hr\/?p=1893","title":{"rendered":"\u017dupne obavijesti: 18. nedjelja kroz godinu"},"content":{"rendered":"\n<p>Slavimo osamnaestu nedjelju kroz godinu. Prva je nedjelja u mjesecu kada se svojim molitvama i nov\u010danim prilozima sje\u0107amo na\u0161ih odgojnih ustanova \u2013 sjemeni\u0161ta te molimo za duhovna zvanja. Svoj nov\u010dani dar za sjemeni\u0161ta mo\u017eete dati na izlazu iz crkve.<\/p>\n\n\n\n<p>Sutra slavimo Porcijunkulu \u2013 Gospu od An\u0111ela. Svete mise su u 7:30 i 18:30 sati.<\/p>\n\n\n\n<p>U \u010detvrtak je Dan pobjede i domovinske zahvalnosti i Dan hrvatskih branitelja. Pod ve\u010dernjom svetom misom molit \u0107emo za na\u0161u domovinu i za na\u0161e poginule hrvatske branitelje.<\/p>\n\n\n\n<p>U petak slavimo blagdan Preobra\u017eenje Gospodinovo \u2013 Bo\u017eje lice. Svete mise su u 7:30 i 18:30 sati.<\/p>\n\n\n\n<p>U subotu pod ve\u010dernjom svetom misom molimo za duhovna zvanja budu\u0107i da je prva subota u mjesecu, a nakon te mise klanjanje je pred Presvetim.<\/p>\n\n\n\n<p>Sljede\u0107e nedjelje slavimo devetnaestu nedjelju kroz godinu. <\/p>\n\n\n\n<p>Od 1. kolovoza do 10. listopada ove godine mogu se dostaviti molbe za dobivanje financijske pomo\u0107i u\u010denicima i studentima na\u0161e nadbiskupije Zakladi \u201eDr. Nikola Dogan\u201c. Sve informacije o uvjetima natje\u010daja i potrebnoj dokumentaciji koju kandidati trebaju dostaviti mo\u017eete dobiti na www.caritas.djos.hr.<\/p>\n\n\n\n<p>Zahvalni za va\u0161u dosada\u0161nju pomo\u0107 kojom poma\u017eete obnovu na\u0161ih crkava i samostana nastradalih u pro\u0161logodi\u0161njim potresima, preporu\u010damo se i nadalje va\u0161oj dobroti. Svoj nov\u010dani prilog mo\u017eete dati u posebno ozna\u010denu \u0161krabicu pri izlazu iz crkve ili u \u017eupni ured ili direktno uplatiti na ra\u010dun koji se nalazi na plakatu ili letku.<\/p>\n\n\n\n<p>Molimo sve vas koji jo\u0161 nemate \u017eupnu obiteljsku knji\u017eicu ili je potrebno upisati promjene u postoje\u0107e, da se javite u \u017eupni ured u uredovno vrijeme. <\/p>\n\n\n\n<p>Ve\u0107ina na\u0161ih vjernika razumije upute Sto\u017eera pa znamo da ako svi imamo Covid putovnice smijemo biti bez maski u zatvorenom prostoru. Jasno da ne \u017eelimo braniti nikome da sudjeluje na svetim misama, a svjesni smo da nisu svi cijepljeni ili da nisu preboljeli koronu ili da svi imamo tzv. Covid putovnicu. Zato je i nadalje obveza dezinfekcija ruku, no\u0161enje maski i potrebna tjelesna udaljenost. Redari nam poma\u017eu u po\u0161tivanju tih mjera.<\/p>\n\n\n\n<p>Kupujte i \u010ditajte katoli\u010dki vjerski tisak.<\/p>\n","protected":false},"excerpt":{"rendered":"<p>Slavimo osamnaestu nedjelju kroz godinu. Prva je nedjelja u mjesecu kada se svojim molitvama i nov\u010danim prilozima sje\u0107amo na\u0161ih odgojnih ustanova \u2013 sjemeni\u0161ta te molimo za duhovna zvanja. Svoj nov\u010dani dar za sjemeni\u0161ta mo\u017eete dati na izlazu iz crkve. Sutra slavimo Porcijunkulu \u2013 Gospu od An\u0111ela. Svete mise su u 7:30 i 18:30 sati. U <a href=\"http:\/\/svetaobitelj.hr\/?p=1893\" class=\"more-link\">[&hellip;]<\/a><\/p>\n","protected":false},"author":2,"featured_media":0,"comment_status":"closed","ping_status":"open","sticky":false,"template":"","format":"standard","meta":{"footnotes":""},"categories":[3],"tags":[],"class_list":["entry","author-","post-1893","post","type-post","status-publish","format-standard","category-zupa"],"_links":{"self":[{"href":"http:\/\/svetaobitelj.hr\/index.php?rest_route=\/wp\/v2\/posts\/1893","targetHints":{"allow":["GET"]}}],"collection":[{"href":"http:\/\/svetaobitelj.hr\/index.php?rest_route=\/wp\/v2\/posts"}],"about":[{"href":"http:\/\/svetaobitelj.hr\/index.php?rest_route=\/wp\/v2\/types\/post"}],"author":[{"embeddable":true,"href":"http:\/\/svetaobitelj.hr\/index.php?rest_route=\/wp\/v2\/users\/2"}],"replies":[{"embeddable":true,"href":"http:\/\/svetaobitelj.hr\/index.php?rest_route=%2Fwp%2Fv2%2Fcomments&post=1893"}],"version-history":[{"count":2,"href":"http:\/\/svetaobitelj.hr\/index.php?rest_route=\/wp\/v2\/posts\/1893\/revisions"}],"predecessor-version":[{"id":1895,"href":"http:\/\/svetaobitelj.hr\/index.php?rest_route=\/wp\/v2\/posts\/1893\/revisions\/1895"}],"wp:attachment":[{"href":"http:\/\/svetaobitelj.hr\/index.php?rest_route=%2Fwp%2Fv2%2Fmedia&parent=1893"}],"wp:term":[{"taxonomy":"category","embeddable":true,"href":"http:\/\/svetaobitelj.hr\/index.php?rest_route=%2Fwp%2Fv2%2Fcategories&post=1893"},{"taxonomy":"post_tag","embeddable":true,"href":"http:\/\/svetaobitelj.hr\/index.php?rest_route=%2Fwp%2Fv2%2Ftags&post=1893"}],"curies":[{"name":"wp","href":"https:\/\/api.w.org\/{rel}","templated":true}]}}