{"id":1891,"date":"2021-07-24T16:08:56","date_gmt":"2021-07-24T15:08:56","guid":{"rendered":"http:\/\/svetaobitelj.hr\/?p=1891"},"modified":"2021-07-24T16:08:56","modified_gmt":"2021-07-24T15:08:56","slug":"zupne-obavijesti-17-nedjelja-kroz-godinu-4","status":"publish","type":"post","link":"http:\/\/svetaobitelj.hr\/?p=1891","title":{"rendered":"\u017dupne obavijesti: 17. nedjelja kroz godinu"},"content":{"rendered":"\n<p>Slavimo sedamnaestu nedjelju kroz godinu. Odlukom pape Franje danas je svjetski Dan djedova, baka i starijih osoba.<\/p>\n\n\n\n<p>Sutra slavimo sv. Joakima i Anu, roditelje Bla\u017eene Djevice Marije. Svete mise su u 7:30 i 18:30 sati.<\/p>\n\n\n\n<p>U \u010detvrtak je klanjanje pred Presvetim nakon ve\u010dernje svete mise. <\/p>\n\n\n\n<p>Sljede\u0107e nedjelje slavimo osamnaestu nedjelju kroz godinu. Ujedno je prva nedjelja u mjesecu kada se svojim molitvama i nov\u010danim prilozima sje\u0107amo na\u0161ih odgojnih ustanova \u2013 sjemeni\u0161ta te molimo za duhovna zvanja. Pod<br>jutarnjom svetom misom molit \u0107emo za dobro\u010dinitelje ove na\u0161e crkve i samostana.<\/p>\n\n\n\n<p>Od 1. kolovoza do 10. listopada ove godine mogu se dostaviti molbe za dobivanje financijske pomo\u0107i u\u010denicima i studentima na\u0161e nadbiskupije Zakladi \u201eDr. Nikola Dogan\u201c. Sve informacije o uvjetima natje\u010daja i potrebnoj dokumentaciji koju kandidati trebaju dostaviti mo\u017eete dobiti na www.caritas.djos.hr od 1. kolovoza ove godine.<\/p>\n\n\n\n<p>Pro\u0161logodi\u0161njim potresima te\u0161ko su o\u0161te\u0107eni na\u0161e crkve i samostani na Kaptolu u Zagrebu, Samoboru, \u010cunti\u0107u, Karlovcu, Jastrebarskom, Klanjcu, Hrastovici i Petrinji. Zahvalni za dosada\u0161nju pomo\u0107 preporu\u010damo se i nadalje va\u0161oj dobroti te vas pozivamo da svojim molitvama i nov\u010danim prilozima pomognete obnovu crkvi i samostana u kojima mi franjevci djelujemo. Svoj nov\u010dani prilog mo\u017eete dati u posebno ozna\u010denu \u0161krabicu pri izlazu iz crkve ili u \u017eupni ured ili direktno uplatiti na ra\u010dun koji se nalazi na plakatu ili letku.<\/p>\n\n\n\n<p>Molimo sve vas koji jo\u0161 nemate \u017eupnu obiteljsku knji\u017eicu ili je potrebno upisati promjene u postoje\u0107e, da se javite u \u017eupni ured u uredovno vrijeme. <\/p>\n\n\n\n<p>Ve\u0107ina na\u0161ih vjernika razumije upute Sto\u017eera pa znamo da ako svi imamo Covid putovnice smijemo biti bez maski u zatvorenom prostoru. Jasno da ne \u017eelimo braniti nikome da sudjeluje na svetim misama, a svjesni smo da nisu svi cijepljeni ili da nisu preboljeli koronu ili da svi imamo tzv. Covid putovnicu. Zato je i nadalje obveza dezinfekcija ruku, no\u0161enje maski i potrebna tjelesna udaljenost. Redari nam poma\u017eu u po\u0161tivanju tih mjera.<\/p>\n\n\n\n<p>Kupujte i \u010ditajte katoli\u010dki vjerski tisak.<\/p>\n","protected":false},"excerpt":{"rendered":"<p>Slavimo sedamnaestu nedjelju kroz godinu. Odlukom pape Franje danas je svjetski Dan djedova, baka i starijih osoba. Sutra slavimo sv. Joakima i Anu, roditelje Bla\u017eene Djevice Marije. Svete mise su u 7:30 i 18:30 sati. U \u010detvrtak je klanjanje pred Presvetim nakon ve\u010dernje svete mise. Sljede\u0107e nedjelje slavimo osamnaestu nedjelju kroz godinu. Ujedno je prva <a href=\"http:\/\/svetaobitelj.hr\/?p=1891\" class=\"more-link\">[&hellip;]<\/a><\/p>\n","protected":false},"author":2,"featured_media":0,"comment_status":"closed","ping_status":"open","sticky":false,"template":"","format":"standard","meta":{"footnotes":""},"categories":[3],"tags":[],"class_list":["entry","author-","post-1891","post","type-post","status-publish","format-standard","category-zupa"],"_links":{"self":[{"href":"http:\/\/svetaobitelj.hr\/index.php?rest_route=\/wp\/v2\/posts\/1891","targetHints":{"allow":["GET"]}}],"collection":[{"href":"http:\/\/svetaobitelj.hr\/index.php?rest_route=\/wp\/v2\/posts"}],"about":[{"href":"http:\/\/svetaobitelj.hr\/index.php?rest_route=\/wp\/v2\/types\/post"}],"author":[{"embeddable":true,"href":"http:\/\/svetaobitelj.hr\/index.php?rest_route=\/wp\/v2\/users\/2"}],"replies":[{"embeddable":true,"href":"http:\/\/svetaobitelj.hr\/index.php?rest_route=%2Fwp%2Fv2%2Fcomments&post=1891"}],"version-history":[{"count":1,"href":"http:\/\/svetaobitelj.hr\/index.php?rest_route=\/wp\/v2\/posts\/1891\/revisions"}],"predecessor-version":[{"id":1892,"href":"http:\/\/svetaobitelj.hr\/index.php?rest_route=\/wp\/v2\/posts\/1891\/revisions\/1892"}],"wp:attachment":[{"href":"http:\/\/svetaobitelj.hr\/index.php?rest_route=%2Fwp%2Fv2%2Fmedia&parent=1891"}],"wp:term":[{"taxonomy":"category","embeddable":true,"href":"http:\/\/svetaobitelj.hr\/index.php?rest_route=%2Fwp%2Fv2%2Fcategories&post=1891"},{"taxonomy":"post_tag","embeddable":true,"href":"http:\/\/svetaobitelj.hr\/index.php?rest_route=%2Fwp%2Fv2%2Ftags&post=1891"}],"curies":[{"name":"wp","href":"https:\/\/api.w.org\/{rel}","templated":true}]}}