{"id":1885,"date":"2021-07-10T16:22:30","date_gmt":"2021-07-10T15:22:30","guid":{"rendered":"https:\/\/svetaobitelj.hr\/?p=1885"},"modified":"2021-07-10T16:22:31","modified_gmt":"2021-07-10T15:22:31","slug":"zupne-obavijesti-15-nedjelja-kroz-godinu-4","status":"publish","type":"post","link":"http:\/\/svetaobitelj.hr\/?p=1885","title":{"rendered":"\u017dupne obavijesti: 15. nedjelja kroz godinu"},"content":{"rendered":"\n<p>Slavimo petnaestu nedjelju kroz godinu. Djelatnici knji\u017eare UPT-e iz \u0110akova imaju prodajnu akciju knjiga od \u010dije prodaje poma\u017eu obitelji u potrebi.<\/p>\n\n\n\n<p>U srijedu slavimo sv. Franju Solanskoga, sve\u0107enika, franjevca i misionara. Za\u0161titnik je misionara. Svete mise su u 7:30 i 18:30 sati.<\/p>\n\n\n\n<p>U \u010detvrtak je klanjanje pred Presvetim nakon ve\u010dernje svete mise.<\/p>\n\n\n\n<p>U petak je nakon ve\u010dernje svete mise molitva i susret na\u0161e \u017eupne molitvene zajednice.<\/p>\n\n\n\n<p>Sljede\u0107e nedjelje slavimo \u0161esnaestu nedjelju kroz godinu. Povodom spomendana sv. Franje Solanskoga u nedjelju \u0107emo nakon svetih misa prikupljati nov\u010dane priloge za potrebe misija i misionara.<\/p>\n\n\n\n<p>Pro\u0161logodi\u0161njim potresima te\u0161ko su o\u0161te\u0107eni na\u0161e crkve i samostani na Kaptolu u Zagrebu, Samoboru, \u010cunti\u0107u, Karlovcu, Jastrebarskom, Klanjcu, Hrastovici i Petrinji. Zahvalni za dosada\u0161nju pomo\u0107 preporu\u010damo se i nadalje va\u0161oj dobroti te vas pozivamo da svojim molitvama i nov\u010danim prilozima pomognete obnovu crkvi i samostana u kojima mi franjevci djelujemo.<\/p>\n\n\n\n<p>Molimo sve vas koji jo\u0161 nemate \u017eupnu obiteljsku knji\u017eicu ili je potrebno upisati promjene u postoje\u0107e, da se javite u \u017eupni ured u uredovno vrijeme.<\/p>\n\n\n\n<p>Ve\u0107ina na\u0161ih vjernika dobro razumije nove upute Sto\u017eera pa znamo da ako svi imamo Covid putovnice smijemo biti bez maski u zatvorenom prostoru. Jasno da ne \u017eelimo braniti nikome da sudjeluje na svetim misama, a svjesni smo da nisu svi procijepljeni ili da su preboljeli koronu ili da nemaju tzv. Covid putovnicu, zato je i nadalje obveza dezinfekcija ruku, no\u0161enje maski i potrebna tjelesna udaljenost. Redari nam poma\u017eu u po\u0161tivanju tih mjera.<\/p>\n\n\n\n<p>Kupujte i \u010ditajte katoli\u010dki vjerski tisak.<\/p>\n","protected":false},"excerpt":{"rendered":"<p>Slavimo petnaestu nedjelju kroz godinu. Djelatnici knji\u017eare UPT-e iz \u0110akova imaju prodajnu akciju knjiga od \u010dije prodaje poma\u017eu obitelji u potrebi. U srijedu slavimo sv. Franju Solanskoga, sve\u0107enika, franjevca i misionara. Za\u0161titnik je misionara. Svete mise su u 7:30 i 18:30 sati. U \u010detvrtak je klanjanje pred Presvetim nakon ve\u010dernje svete mise. U petak je <a href=\"http:\/\/svetaobitelj.hr\/?p=1885\" class=\"more-link\">[&hellip;]<\/a><\/p>\n","protected":false},"author":2,"featured_media":0,"comment_status":"closed","ping_status":"open","sticky":false,"template":"","format":"standard","meta":{"footnotes":""},"categories":[3],"tags":[],"class_list":["entry","author-","post-1885","post","type-post","status-publish","format-standard","category-zupa"],"_links":{"self":[{"href":"http:\/\/svetaobitelj.hr\/index.php?rest_route=\/wp\/v2\/posts\/1885","targetHints":{"allow":["GET"]}}],"collection":[{"href":"http:\/\/svetaobitelj.hr\/index.php?rest_route=\/wp\/v2\/posts"}],"about":[{"href":"http:\/\/svetaobitelj.hr\/index.php?rest_route=\/wp\/v2\/types\/post"}],"author":[{"embeddable":true,"href":"http:\/\/svetaobitelj.hr\/index.php?rest_route=\/wp\/v2\/users\/2"}],"replies":[{"embeddable":true,"href":"http:\/\/svetaobitelj.hr\/index.php?rest_route=%2Fwp%2Fv2%2Fcomments&post=1885"}],"version-history":[{"count":1,"href":"http:\/\/svetaobitelj.hr\/index.php?rest_route=\/wp\/v2\/posts\/1885\/revisions"}],"predecessor-version":[{"id":1886,"href":"http:\/\/svetaobitelj.hr\/index.php?rest_route=\/wp\/v2\/posts\/1885\/revisions\/1886"}],"wp:attachment":[{"href":"http:\/\/svetaobitelj.hr\/index.php?rest_route=%2Fwp%2Fv2%2Fmedia&parent=1885"}],"wp:term":[{"taxonomy":"category","embeddable":true,"href":"http:\/\/svetaobitelj.hr\/index.php?rest_route=%2Fwp%2Fv2%2Fcategories&post=1885"},{"taxonomy":"post_tag","embeddable":true,"href":"http:\/\/svetaobitelj.hr\/index.php?rest_route=%2Fwp%2Fv2%2Ftags&post=1885"}],"curies":[{"name":"wp","href":"https:\/\/api.w.org\/{rel}","templated":true}]}}