{"id":1878,"date":"2021-07-03T17:41:43","date_gmt":"2021-07-03T16:41:43","guid":{"rendered":"https:\/\/svetaobitelj.hr\/?p=1878"},"modified":"2021-07-03T17:41:44","modified_gmt":"2021-07-03T16:41:44","slug":"zupne-obavijesti-14-nedjelja-kroz-godinu-4","status":"publish","type":"post","link":"http:\/\/svetaobitelj.hr\/?p=1878","title":{"rendered":"\u017dupne obavijesti: 14. nedjelja kroz godinu"},"content":{"rendered":"\n<p>Slavimo \u010detrnaestu nedjelju kroz godinu. Prva je nedjelja u mjesecu kada se svojim molitvama i nov\u010danim prilozima sje\u0107amo na\u0161ih sjemeni\u0161ta te molimo za duhovna zvanja. Svoj nov\u010dani dar za sjemeni\u0161ta mo\u017eete dati na izlazu iz crkve. <\/p>\n\n\n\n<p><br>Sutra slavimo sv. \u0106irila i Metoda, za\u0161titnike na\u0161e Hrvatske franjeva\u010dke provincije sv. \u0106irila i Metoda i suza\u0161titnike Europe. Svete mise su u 7:30 i 18:30 sati.           <\/p>\n\n\n\n<p>U utorak zapo\u010dinje trodnevnica na \u010dast bl. Mariji od Propetoga Petkovi\u0107. Svaku ve\u010der trodnevnice pobo\u017enost bl. Mariji je u 18:00 sati nakon \u010dega slijedi sveta misa.      U \u010detvrtak je klanjanje pred Presvetim nakon ve\u010dernje svete mise.        <\/p>\n\n\n\n<p>U petak slavimo bl. Mariju od Propetoga Petkovi\u0107. Pobo\u017enost na \u010dast bla\u017eenice je u 18:15 sati. Nakon ve\u010dernje svete mise ne\u0107e biti molitve i susreta na\u0161e \u017eupne molitvene zajednice. <\/p>\n\n\n\n<p>Sljede\u0107e nedjelje slavimo petnaestu nedjelju kroz godinu. Djelatnici knji\u017eare UPT-e iz \u0110akova imat \u0107e prodajnu akciju knjiga od \u010dije prodaje poma\u017eu obitelji u potrebi.      <\/p>\n\n\n\n<p>Pro\u0161logodi\u0161njim potresima te\u0161ko su o\u0161te\u0107eni na\u0161e crkve i samostani na Kaptolu u Zagrebu, Samoboru, \u010cunti\u0107u, Karlovcu, Jastrebarskom, Klanjcu, Hrastovici i Petrinji. Zahvalni za dosada\u0161nju pomo\u0107 preporu\u010damo se i nadalje va\u0161oj dobroti te vas pozivamo da svojim molitvama i nov\u010danim prilozima pomognete obnovu crkvi i samostana u kojima mi franjevci djelujemo.  <\/p>\n\n\n\n<p>Molimo sve vas koji jo\u0161 nemate \u017eupnu obiteljsku knji\u017eicu ili je potrebno upisati promjene u postoje\u0107e, da se javite u \u017eupni ured u uredovno vrijeme. <\/p>\n\n\n\n<p>Poneki na\u0161i vjernici misle da se smije biti bez maski za lice na svetim misama jer je tako, navodno, re\u010deno. Nadam se da ipak ve\u0107ina na\u0161ih vjernika dobro razumije nove upute Sto\u017eera pa znamo da ako svi imamo Covid putovnice smijemo biti bez maski u zatvorenom prostoru. Jasno da ne \u017eelimo braniti nikome da sudjeluje na svetim misama, a svjesni smo da nisu svi procijepljeni ili da su preboljeli koronu ili da nemaju tzv. Covid putovnicu, zato je i nadalje obveza dezinfekcija ruku, no\u0161enje maski i potrebna tjelesna udaljenost. Redari nam poma\u017eu u po\u0161tivanju tih mjera. <\/p>\n\n\n\n<p><br>Kupujte i \u010ditajte katoli\u010dki vjerski tisak.<\/p>\n","protected":false},"excerpt":{"rendered":"<p>Slavimo \u010detrnaestu nedjelju kroz godinu. Prva je nedjelja u mjesecu kada se svojim molitvama i nov\u010danim prilozima sje\u0107amo na\u0161ih sjemeni\u0161ta te molimo za duhovna zvanja. Svoj nov\u010dani dar za sjemeni\u0161ta mo\u017eete dati na izlazu iz crkve. Sutra slavimo sv. \u0106irila i Metoda, za\u0161titnike na\u0161e Hrvatske franjeva\u010dke provincije sv. \u0106irila i Metoda i suza\u0161titnike Europe. Svete <a href=\"http:\/\/svetaobitelj.hr\/?p=1878\" class=\"more-link\">[&hellip;]<\/a><\/p>\n","protected":false},"author":2,"featured_media":0,"comment_status":"closed","ping_status":"open","sticky":false,"template":"","format":"standard","meta":{"footnotes":""},"categories":[3],"tags":[],"class_list":["entry","author-","post-1878","post","type-post","status-publish","format-standard","category-zupa"],"_links":{"self":[{"href":"http:\/\/svetaobitelj.hr\/index.php?rest_route=\/wp\/v2\/posts\/1878","targetHints":{"allow":["GET"]}}],"collection":[{"href":"http:\/\/svetaobitelj.hr\/index.php?rest_route=\/wp\/v2\/posts"}],"about":[{"href":"http:\/\/svetaobitelj.hr\/index.php?rest_route=\/wp\/v2\/types\/post"}],"author":[{"embeddable":true,"href":"http:\/\/svetaobitelj.hr\/index.php?rest_route=\/wp\/v2\/users\/2"}],"replies":[{"embeddable":true,"href":"http:\/\/svetaobitelj.hr\/index.php?rest_route=%2Fwp%2Fv2%2Fcomments&post=1878"}],"version-history":[{"count":5,"href":"http:\/\/svetaobitelj.hr\/index.php?rest_route=\/wp\/v2\/posts\/1878\/revisions"}],"predecessor-version":[{"id":1883,"href":"http:\/\/svetaobitelj.hr\/index.php?rest_route=\/wp\/v2\/posts\/1878\/revisions\/1883"}],"wp:attachment":[{"href":"http:\/\/svetaobitelj.hr\/index.php?rest_route=%2Fwp%2Fv2%2Fmedia&parent=1878"}],"wp:term":[{"taxonomy":"category","embeddable":true,"href":"http:\/\/svetaobitelj.hr\/index.php?rest_route=%2Fwp%2Fv2%2Fcategories&post=1878"},{"taxonomy":"post_tag","embeddable":true,"href":"http:\/\/svetaobitelj.hr\/index.php?rest_route=%2Fwp%2Fv2%2Ftags&post=1878"}],"curies":[{"name":"wp","href":"https:\/\/api.w.org\/{rel}","templated":true}]}}