{"id":1873,"date":"2021-06-26T18:53:09","date_gmt":"2021-06-26T17:53:09","guid":{"rendered":"http:\/\/svetaobitelj.hr\/?p=1873"},"modified":"2021-06-26T18:53:10","modified_gmt":"2021-06-26T17:53:10","slug":"zupne-obavijesti-13-nedjelja-kroz-godinu-4","status":"publish","type":"post","link":"http:\/\/svetaobitelj.hr\/?p=1873","title":{"rendered":"\u017dupne obavijesti: 13. nedjelja kroz godinu"},"content":{"rendered":"\n<p><strong>Slavimo trinaestu nedjelju kroz godinu. Jo\u0161 su uvijek na snazi mjere za spre\u010davanje \u0161irenja zaraze koronavirusom. Obvezna je dezinfekcija ruku, no\u0161enje maski za lice i fizi\u010dka distanca. Na\u0161i nam redari poma\u017eu da se pridr\u017eavamo ovih mjera.<\/strong><\/p>\n\n\n\n<p><strong>U utorak slavimo sv. Petra i Pavla. Svete mise su u 7:30 i 18:30 sati.<\/strong><\/p>\n\n\n\n<p><strong>U petak je nakon ve\u010dernje svete mise molitva i susret na\u0161e \u017eupne molitvene zajednice.<\/strong><\/p>\n\n\n\n<p><strong>U subotu \u0107emo pod ve\u010dernjom svetom misom&nbsp; moliti za duhovna zvanja, a klanjanje je pred Presvetim nakon te mise.<\/strong><\/p>\n\n\n\n<p><strong>Sljede\u0107e nedjelje slavimo \u010detrnaestu nedjelju kroz godinu. Prva je nedjelja u mjesecu kada se svojim molitvama i nov\u010danim prilozima sje\u0107amo na\u0161ih sjemeni\u0161ta te molimo za duhovna zvanja. Pod jutarnjom svetom misom molit \u0107emo za dobro\u010dinitelje ove na\u0161e crkve i samostana. U srpnju i kolovozu nedjeljne svete mise su u 7, 10 i 18:30 sati, a nema svetih misa u 9 i u 11 sati.<\/strong><\/p>\n\n\n\n<p><strong>Pro\u0161logodi\u0161njim potresima te\u0161ko su o\u0161te\u0107eni na\u0161e crkve i samostani na Kaptolu u Zagrebu, Samoboru, \u010cunti\u0107u, Karlovcu, Jastrebarskom, Klanjcu, Hrastovici i Petrinji. Zahvalni za dosada\u0161nju pomo\u0107 preporu\u010damo se i nadalje va\u0161oj dobroti i suosje\u0107ajnosti te vas pozivamo da svojim molitvama i nov\u010danim prilozima pomognete obnovu crkvi i samostana u kojima mi franjevci djelujemo. Svoje nov\u010dane priloge mo\u017eete dati u ozna\u010denu \u0161krabicu pri izlazu iz crkve, donijeti u \u017eupni ured ili direktno uplatiti na ra\u010dun koji se nalazi na plakatu ili letku.<\/strong><\/p>\n\n\n\n<p><strong>Molimo sve vas koji jo\u0161 nemate \u017eupnu obiteljsku knji\u017eicu ili je potrebno upisati promjene u postoje\u0107e, da se javite u \u017eupni ured u uredovno vrijeme.<\/strong><\/p>\n\n\n\n<p><strong>Kupujte i \u010ditajte katoli\u010dki vjerski tisak.<\/strong><\/p>\n","protected":false},"excerpt":{"rendered":"<p>Slavimo trinaestu nedjelju kroz godinu. Jo\u0161 su uvijek na snazi mjere za spre\u010davanje \u0161irenja zaraze koronavirusom. Obvezna je dezinfekcija ruku, no\u0161enje maski za lice i fizi\u010dka distanca. Na\u0161i nam redari poma\u017eu da se pridr\u017eavamo ovih mjera. U utorak slavimo sv. Petra i Pavla. Svete mise su u 7:30 i 18:30 sati. U petak je nakon <a href=\"http:\/\/svetaobitelj.hr\/?p=1873\" class=\"more-link\">[&hellip;]<\/a><\/p>\n","protected":false},"author":2,"featured_media":0,"comment_status":"closed","ping_status":"open","sticky":false,"template":"","format":"standard","meta":{"footnotes":""},"categories":[3],"tags":[],"class_list":["entry","author-","post-1873","post","type-post","status-publish","format-standard","category-zupa"],"_links":{"self":[{"href":"http:\/\/svetaobitelj.hr\/index.php?rest_route=\/wp\/v2\/posts\/1873","targetHints":{"allow":["GET"]}}],"collection":[{"href":"http:\/\/svetaobitelj.hr\/index.php?rest_route=\/wp\/v2\/posts"}],"about":[{"href":"http:\/\/svetaobitelj.hr\/index.php?rest_route=\/wp\/v2\/types\/post"}],"author":[{"embeddable":true,"href":"http:\/\/svetaobitelj.hr\/index.php?rest_route=\/wp\/v2\/users\/2"}],"replies":[{"embeddable":true,"href":"http:\/\/svetaobitelj.hr\/index.php?rest_route=%2Fwp%2Fv2%2Fcomments&post=1873"}],"version-history":[{"count":1,"href":"http:\/\/svetaobitelj.hr\/index.php?rest_route=\/wp\/v2\/posts\/1873\/revisions"}],"predecessor-version":[{"id":1874,"href":"http:\/\/svetaobitelj.hr\/index.php?rest_route=\/wp\/v2\/posts\/1873\/revisions\/1874"}],"wp:attachment":[{"href":"http:\/\/svetaobitelj.hr\/index.php?rest_route=%2Fwp%2Fv2%2Fmedia&parent=1873"}],"wp:term":[{"taxonomy":"category","embeddable":true,"href":"http:\/\/svetaobitelj.hr\/index.php?rest_route=%2Fwp%2Fv2%2Fcategories&post=1873"},{"taxonomy":"post_tag","embeddable":true,"href":"http:\/\/svetaobitelj.hr\/index.php?rest_route=%2Fwp%2Fv2%2Ftags&post=1873"}],"curies":[{"name":"wp","href":"https:\/\/api.w.org\/{rel}","templated":true}]}}