{"id":1861,"date":"2021-06-26T18:51:42","date_gmt":"2021-06-26T17:51:42","guid":{"rendered":"http:\/\/svetaobitelj.hr\/?p=1861"},"modified":"2021-06-26T18:51:43","modified_gmt":"2021-06-26T17:51:43","slug":"hodocasce-ministranata-i-redara","status":"publish","type":"post","link":"http:\/\/svetaobitelj.hr\/?p=1861","title":{"rendered":"Hodo\u010da\u0161\u0107e ministranata i redara"},"content":{"rendered":"\n<figure class=\"wp-block-image size-large is-style-default\"><img loading=\"lazy\" decoding=\"async\" width=\"1024\" height=\"1024\" src=\"http:\/\/svetaobitelj.hr\/wp-content\/uploads\/2021\/06\/vukovar6-1024x1024.jpg\" alt=\"\" class=\"wp-image-1862\" srcset=\"http:\/\/svetaobitelj.hr\/wp-content\/uploads\/2021\/06\/vukovar6-1024x1024.jpg 1024w, http:\/\/svetaobitelj.hr\/wp-content\/uploads\/2021\/06\/vukovar6-300x300.jpg 300w, http:\/\/svetaobitelj.hr\/wp-content\/uploads\/2021\/06\/vukovar6-150x150.jpg 150w, http:\/\/svetaobitelj.hr\/wp-content\/uploads\/2021\/06\/vukovar6-768x768.jpg 768w, http:\/\/svetaobitelj.hr\/wp-content\/uploads\/2021\/06\/vukovar6-1536x1536.jpg 1536w, http:\/\/svetaobitelj.hr\/wp-content\/uploads\/2021\/06\/vukovar6.jpg 1920w\" sizes=\"auto, (max-width: 1024px) 100vw, 1024px\" \/><\/figure>\n\n\n\n<p>Bogu smo zahvalni na na\u0161im ministrantima koji su u ovo vrijeme pandemije svojim ministriranjem pokazali ozbiljnost, poslu\u0161nost i radost slu\u017eenja. Isto tako zahvalni smo i na\u0161im redarima koji su svojim nesebi\u010dnim davanjem omogu\u0107ili da \u017eivot \u017eupe nesmetano te\u010de unato\u010d izazovnim vremenima i to ve\u0107 vi\u0161e od godinu dana. Stoga smo ovim hodo\u010da\u0161\u0107em zajedni\u010dki odlu\u010dili zahvaliti Gospodinu za sve blagoslove, za svaki ru\u017eni i lijepi trenutak proteklih godinu dana jer je sve bilo na Njegovu slavu i brigu za bli\u017enjega. <\/p>\n\n\n\n<figure class=\"wp-block-image size-large\"><img loading=\"lazy\" decoding=\"async\" width=\"1024\" height=\"1024\" src=\"http:\/\/svetaobitelj.hr\/wp-content\/uploads\/2021\/06\/vukovar2-1024x1024.jpg\" alt=\"\" class=\"wp-image-1867\" srcset=\"http:\/\/svetaobitelj.hr\/wp-content\/uploads\/2021\/06\/vukovar2-1024x1024.jpg 1024w, http:\/\/svetaobitelj.hr\/wp-content\/uploads\/2021\/06\/vukovar2-300x300.jpg 300w, http:\/\/svetaobitelj.hr\/wp-content\/uploads\/2021\/06\/vukovar2-150x150.jpg 150w, http:\/\/svetaobitelj.hr\/wp-content\/uploads\/2021\/06\/vukovar2-768x768.jpg 768w, http:\/\/svetaobitelj.hr\/wp-content\/uploads\/2021\/06\/vukovar2-1536x1536.jpg 1536w, http:\/\/svetaobitelj.hr\/wp-content\/uploads\/2021\/06\/vukovar2.jpg 1920w\" sizes=\"auto, (max-width: 1024px) 100vw, 1024px\" \/><\/figure>\n\n\n\n<figure class=\"wp-block-image size-large\"><img loading=\"lazy\" decoding=\"async\" width=\"1024\" height=\"1024\" src=\"http:\/\/svetaobitelj.hr\/wp-content\/uploads\/2021\/06\/vukovar7-1024x1024.jpg\" alt=\"\" class=\"wp-image-1871\" srcset=\"http:\/\/svetaobitelj.hr\/wp-content\/uploads\/2021\/06\/vukovar7-1024x1024.jpg 1024w, http:\/\/svetaobitelj.hr\/wp-content\/uploads\/2021\/06\/vukovar7-300x300.jpg 300w, http:\/\/svetaobitelj.hr\/wp-content\/uploads\/2021\/06\/vukovar7-150x150.jpg 150w, http:\/\/svetaobitelj.hr\/wp-content\/uploads\/2021\/06\/vukovar7-768x768.jpg 768w, http:\/\/svetaobitelj.hr\/wp-content\/uploads\/2021\/06\/vukovar7-1536x1536.jpg 1536w, http:\/\/svetaobitelj.hr\/wp-content\/uploads\/2021\/06\/vukovar7.jpg 1920w\" sizes=\"auto, (max-width: 1024px) 100vw, 1024px\" \/><\/figure>\n\n\n\n<p>Usput smo odali po\u010dast herojima Vukovara i Hrvatske, obi\u0161li Vu\u010dedol, Vodotoranj kojim smo odu\u0161evljeni, \u010duli pokoju rije\u010d iz na\u0161e slavne povijesti, pomolili se za sve hrvatske  branitelje, jer smo svjesni da nije bilo njih ne bi bilo niti na\u0161e domovine. <\/p>\n\n\n\n<figure class=\"wp-block-image size-large\"><img loading=\"lazy\" decoding=\"async\" width=\"1024\" height=\"1024\" src=\"http:\/\/svetaobitelj.hr\/wp-content\/uploads\/2021\/06\/vukovar3-1-1024x1024.jpg\" alt=\"\" class=\"wp-image-1869\" srcset=\"http:\/\/svetaobitelj.hr\/wp-content\/uploads\/2021\/06\/vukovar3-1-1024x1024.jpg 1024w, http:\/\/svetaobitelj.hr\/wp-content\/uploads\/2021\/06\/vukovar3-1-300x300.jpg 300w, http:\/\/svetaobitelj.hr\/wp-content\/uploads\/2021\/06\/vukovar3-1-150x150.jpg 150w, http:\/\/svetaobitelj.hr\/wp-content\/uploads\/2021\/06\/vukovar3-1-768x768.jpg 768w, http:\/\/svetaobitelj.hr\/wp-content\/uploads\/2021\/06\/vukovar3-1-1536x1536.jpg 1536w, http:\/\/svetaobitelj.hr\/wp-content\/uploads\/2021\/06\/vukovar3-1.jpg 1920w\" sizes=\"auto, (max-width: 1024px) 100vw, 1024px\" \/><\/figure>\n\n\n\n<figure class=\"wp-block-image size-large\"><img loading=\"lazy\" decoding=\"async\" width=\"1024\" height=\"1024\" src=\"http:\/\/svetaobitelj.hr\/wp-content\/uploads\/2021\/06\/vukovar4-1024x1024.jpg\" alt=\"\" class=\"wp-image-1863\" srcset=\"http:\/\/svetaobitelj.hr\/wp-content\/uploads\/2021\/06\/vukovar4-1024x1024.jpg 1024w, http:\/\/svetaobitelj.hr\/wp-content\/uploads\/2021\/06\/vukovar4-300x300.jpg 300w, http:\/\/svetaobitelj.hr\/wp-content\/uploads\/2021\/06\/vukovar4-150x150.jpg 150w, http:\/\/svetaobitelj.hr\/wp-content\/uploads\/2021\/06\/vukovar4-768x768.jpg 768w, http:\/\/svetaobitelj.hr\/wp-content\/uploads\/2021\/06\/vukovar4-1536x1536.jpg 1536w, http:\/\/svetaobitelj.hr\/wp-content\/uploads\/2021\/06\/vukovar4.jpg 1920w\" sizes=\"auto, (max-width: 1024px) 100vw, 1024px\" \/><\/figure>\n\n\n\n<p>Svratili smo i do &#8221; hrvatskog Lourdesa&#8221; kako nazivaju sveti\u0161te u Ila\u010di gdje nas je do\u010dekao i ugostio vl\u010d. Vedran Bili\u0107, \u017eupnik. Zapjevali smo Majci Bo\u017ejoj Ila\u010dkoj, izrekli joj osobne molitve i pozdravili ju do nadamo se \u0161to skorijeg ponovnog susreta.<\/p>\n\n\n\n<figure class=\"wp-block-image size-large\"><img loading=\"lazy\" decoding=\"async\" width=\"1024\" height=\"1024\" src=\"http:\/\/svetaobitelj.hr\/wp-content\/uploads\/2021\/06\/vukovar5-1-1024x1024.jpg\" alt=\"\" class=\"wp-image-1868\" srcset=\"http:\/\/svetaobitelj.hr\/wp-content\/uploads\/2021\/06\/vukovar5-1-1024x1024.jpg 1024w, http:\/\/svetaobitelj.hr\/wp-content\/uploads\/2021\/06\/vukovar5-1-300x300.jpg 300w, http:\/\/svetaobitelj.hr\/wp-content\/uploads\/2021\/06\/vukovar5-1-150x150.jpg 150w, http:\/\/svetaobitelj.hr\/wp-content\/uploads\/2021\/06\/vukovar5-1-768x768.jpg 768w, http:\/\/svetaobitelj.hr\/wp-content\/uploads\/2021\/06\/vukovar5-1-1536x1536.jpg 1536w, http:\/\/svetaobitelj.hr\/wp-content\/uploads\/2021\/06\/vukovar5-1.jpg 1920w\" sizes=\"auto, (max-width: 1024px) 100vw, 1024px\" \/><\/figure>\n\n\n\n<p>Ne smijemo zaboraviti niti na\u0161ega fra Matiju Mariji\u0107a, \u017eupnog vikara u \u017eupi sv. Filipa i Jakova koji nas je proveo kroz crkvu, muzej, i samostan u Vukovaru i svojim osmijehom i lijepim rije\u010dima uljep\u0161ao na\u0161 obilazak. Na povratku smo posjetili jednog od na\u0161ih najdra\u017eih \u017eupnika fra Slavka Mili\u0107a u \u017eupi sv. Josipa Radnika.. Uz puno smijeha, novih saznanja, pjesme i ugodnog dru\u017eenja vratili smo se ispunjeni svojim ku\u0107ama.  Preporu\u010damo se u Va\u0161e molitve, dragi na\u0161i \u017eupljani, i molimo da \u0161to prije mognemo zajedno svi oti\u0107i na neko od na\u0161ih ve\u0107 tradicionalnih hodo\u010da\u0161\u0107a na Trsat ili Mariju Bistricu.<\/p>\n\n\n\n<figure class=\"wp-block-image size-large\"><img loading=\"lazy\" decoding=\"async\" width=\"1024\" height=\"1024\" src=\"http:\/\/svetaobitelj.hr\/wp-content\/uploads\/2021\/06\/vukovar1-1-1024x1024.jpg\" alt=\"\" class=\"wp-image-1870\" srcset=\"http:\/\/svetaobitelj.hr\/wp-content\/uploads\/2021\/06\/vukovar1-1-1024x1024.jpg 1024w, http:\/\/svetaobitelj.hr\/wp-content\/uploads\/2021\/06\/vukovar1-1-300x300.jpg 300w, http:\/\/svetaobitelj.hr\/wp-content\/uploads\/2021\/06\/vukovar1-1-150x150.jpg 150w, http:\/\/svetaobitelj.hr\/wp-content\/uploads\/2021\/06\/vukovar1-1-768x768.jpg 768w, http:\/\/svetaobitelj.hr\/wp-content\/uploads\/2021\/06\/vukovar1-1-1536x1536.jpg 1536w, http:\/\/svetaobitelj.hr\/wp-content\/uploads\/2021\/06\/vukovar1-1.jpg 1920w\" sizes=\"auto, (max-width: 1024px) 100vw, 1024px\" \/><\/figure>\n","protected":false},"excerpt":{"rendered":"<p>Bogu smo zahvalni na na\u0161im ministrantima koji su u ovo vrijeme pandemije svojim ministriranjem pokazali ozbiljnost, poslu\u0161nost i radost slu\u017eenja. Isto tako zahvalni smo i na\u0161im redarima koji su svojim nesebi\u010dnim davanjem omogu\u0107ili da \u017eivot \u017eupe nesmetano te\u010de unato\u010d izazovnim vremenima i to ve\u0107 vi\u0161e od godinu dana. Stoga smo ovim hodo\u010da\u0161\u0107em zajedni\u010dki odlu\u010dili zahvaliti <a href=\"http:\/\/svetaobitelj.hr\/?p=1861\" class=\"more-link\">[&hellip;]<\/a><\/p>\n","protected":false},"author":2,"featured_media":0,"comment_status":"closed","ping_status":"open","sticky":false,"template":"","format":"standard","meta":{"footnotes":""},"categories":[3],"tags":[],"class_list":["entry","author-","post-1861","post","type-post","status-publish","format-standard","category-zupa"],"_links":{"self":[{"href":"http:\/\/svetaobitelj.hr\/index.php?rest_route=\/wp\/v2\/posts\/1861","targetHints":{"allow":["GET"]}}],"collection":[{"href":"http:\/\/svetaobitelj.hr\/index.php?rest_route=\/wp\/v2\/posts"}],"about":[{"href":"http:\/\/svetaobitelj.hr\/index.php?rest_route=\/wp\/v2\/types\/post"}],"author":[{"embeddable":true,"href":"http:\/\/svetaobitelj.hr\/index.php?rest_route=\/wp\/v2\/users\/2"}],"replies":[{"embeddable":true,"href":"http:\/\/svetaobitelj.hr\/index.php?rest_route=%2Fwp%2Fv2%2Fcomments&post=1861"}],"version-history":[{"count":1,"href":"http:\/\/svetaobitelj.hr\/index.php?rest_route=\/wp\/v2\/posts\/1861\/revisions"}],"predecessor-version":[{"id":1872,"href":"http:\/\/svetaobitelj.hr\/index.php?rest_route=\/wp\/v2\/posts\/1861\/revisions\/1872"}],"wp:attachment":[{"href":"http:\/\/svetaobitelj.hr\/index.php?rest_route=%2Fwp%2Fv2%2Fmedia&parent=1861"}],"wp:term":[{"taxonomy":"category","embeddable":true,"href":"http:\/\/svetaobitelj.hr\/index.php?rest_route=%2Fwp%2Fv2%2Fcategories&post=1861"},{"taxonomy":"post_tag","embeddable":true,"href":"http:\/\/svetaobitelj.hr\/index.php?rest_route=%2Fwp%2Fv2%2Ftags&post=1861"}],"curies":[{"name":"wp","href":"https:\/\/api.w.org\/{rel}","templated":true}]}}