{"id":1851,"date":"2021-06-12T10:24:39","date_gmt":"2021-06-12T09:24:39","guid":{"rendered":"http:\/\/svetaobitelj.hr\/?p=1851"},"modified":"2021-06-12T10:24:39","modified_gmt":"2021-06-12T09:24:39","slug":"zupne-obavijesti-11-nedjelja-kroz-godinu-3","status":"publish","type":"post","link":"http:\/\/svetaobitelj.hr\/?p=1851","title":{"rendered":"\u017dupne obavijesti: 11. nedjelja kroz godinu"},"content":{"rendered":"\n<ul class=\"wp-block-list\"><li>Slavimo jedanaestu nedjelju kroz godinu. Jo\u0161 su uvijek na snazi mjere za spre\u010davanje \u0161irenja zaraze koronavirusom. Obvezna je dezinfekcija ruku, no\u0161enje maski za lice i fizi\u010dka distanca. Na\u0161i nam redari poma\u017eu da se pridr\u017eavamo ovih mjera.<\/li><li>Biblijskog sata ne\u0107e biti do jeseni.<\/li><li>U \u010detvrtak je nakon ve\u010dernje svete mise klanjanje pred Presvetim.<\/li><li>U petak je nakon ve\u010dernje svete mise molitva i susret na\u0161e \u017eupne molitvene zajednice.<\/li><li>Sljede\u0107e nedjelje slavimo dvanaestu nedjelju kroz godinu.<\/li><li>Pro\u0161logodi\u0161njim potresima te\u0161ko su o\u0161te\u0107eni na\u0161e crkve i samostani na Kaptolu u Zagrebu, Samoboru, \u010cunti\u0107u,  Karlovcu, Jastrebarskom, Klanjcu, Hrastovici i Petrinji. Zahvalni za dosada\u0161nju pomo\u0107 preporu\u010damo se i nadalje va\u0161oj dobroti i suosje\u0107ajnosti te vas pozivamo da svojim molitvama i nov\u010danim prilozima pomognete obnovu crkvi i samostana u kojima mi franjevci djelujemo. Svoje nov\u010dane priloge mo\u017eete dati u ozna\u010denu \u0161krabicu pri izlazu iz crkve, donijeti u \u017eupni ured ili direktno uplatiti na ra\u010dun koji se nalazi na plakatu ili letku.<\/li><li>Molimo sve vas koji jo\u0161 nemate \u017eupnu obiteljsku knji\u017eicu ili je potrebno upisati promjene u postoje\u0107e, da se javite u \u017eupni ured u uredovno vrijeme.<\/li><li>Kupujte i \u010ditajte katoli\u010dki vjerski tisak.<\/li><\/ul>\n","protected":false},"excerpt":{"rendered":"<p>Slavimo jedanaestu nedjelju kroz godinu. Jo\u0161 su uvijek na snazi mjere za spre\u010davanje \u0161irenja zaraze koronavirusom. Obvezna je dezinfekcija ruku, no\u0161enje maski za lice i fizi\u010dka distanca. Na\u0161i nam redari poma\u017eu da se pridr\u017eavamo ovih mjera. Biblijskog sata ne\u0107e biti do jeseni. U \u010detvrtak je nakon ve\u010dernje svete mise klanjanje pred Presvetim. U petak je <a href=\"http:\/\/svetaobitelj.hr\/?p=1851\" class=\"more-link\">[&hellip;]<\/a><\/p>\n","protected":false},"author":2,"featured_media":0,"comment_status":"closed","ping_status":"open","sticky":false,"template":"","format":"standard","meta":{"footnotes":""},"categories":[3],"tags":[],"class_list":["entry","author-","post-1851","post","type-post","status-publish","format-standard","category-zupa"],"_links":{"self":[{"href":"http:\/\/svetaobitelj.hr\/index.php?rest_route=\/wp\/v2\/posts\/1851","targetHints":{"allow":["GET"]}}],"collection":[{"href":"http:\/\/svetaobitelj.hr\/index.php?rest_route=\/wp\/v2\/posts"}],"about":[{"href":"http:\/\/svetaobitelj.hr\/index.php?rest_route=\/wp\/v2\/types\/post"}],"author":[{"embeddable":true,"href":"http:\/\/svetaobitelj.hr\/index.php?rest_route=\/wp\/v2\/users\/2"}],"replies":[{"embeddable":true,"href":"http:\/\/svetaobitelj.hr\/index.php?rest_route=%2Fwp%2Fv2%2Fcomments&post=1851"}],"version-history":[{"count":2,"href":"http:\/\/svetaobitelj.hr\/index.php?rest_route=\/wp\/v2\/posts\/1851\/revisions"}],"predecessor-version":[{"id":1853,"href":"http:\/\/svetaobitelj.hr\/index.php?rest_route=\/wp\/v2\/posts\/1851\/revisions\/1853"}],"wp:attachment":[{"href":"http:\/\/svetaobitelj.hr\/index.php?rest_route=%2Fwp%2Fv2%2Fmedia&parent=1851"}],"wp:term":[{"taxonomy":"category","embeddable":true,"href":"http:\/\/svetaobitelj.hr\/index.php?rest_route=%2Fwp%2Fv2%2Fcategories&post=1851"},{"taxonomy":"post_tag","embeddable":true,"href":"http:\/\/svetaobitelj.hr\/index.php?rest_route=%2Fwp%2Fv2%2Ftags&post=1851"}],"curies":[{"name":"wp","href":"https:\/\/api.w.org\/{rel}","templated":true}]}}