{"id":1848,"date":"2021-06-04T19:28:03","date_gmt":"2021-06-04T18:28:03","guid":{"rendered":"http:\/\/svetaobitelj.hr\/?p=1848"},"modified":"2021-06-04T19:28:03","modified_gmt":"2021-06-04T18:28:03","slug":"zupne-obavijesti-10-nedjelja-kroz-godinu-2","status":"publish","type":"post","link":"http:\/\/svetaobitelj.hr\/?p=1848","title":{"rendered":"\u017dupne obavijesti: 10. nedjelja kroz godinu"},"content":{"rendered":"\n<ul class=\"wp-block-list\" type=\"1\"><li><strong>Slavimo desetu nedjelju kroz godinu. Ujedno je prva nedjelja u mjesecu kada svojim molitvama i nov\u010danim prilozima poma\u017eemo na\u0161a sjemeni\u0161ta. Svoj nov\u010dani prilog za sjemeni\u0161ta mo\u017eete dati na izlazu iz crkve. Susret \u010dlanova Mjesnoga bratstva OFS-a bit \u0107e u 16:30 sati.<\/strong><\/li><\/ul>\n\n\n\n<ul class=\"wp-block-list\"><li><strong>Sutra ne\u0107e biti biblijski sat nakon ve\u010dernje mise.<\/strong><\/li><\/ul>\n\n\n\n<ul class=\"wp-block-list\"><li><strong>U utorak je pobo\u017enost na \u010dast sv. Antunu u 18:30 sati nakon \u010dega slijedi sveta misa.<\/strong><\/li><\/ul>\n\n\n\n<ul class=\"wp-block-list\"><li><strong>U srijedu je u 18:15 pobo\u017enost na \u010dast bl. Mariji od Propetoga Petkovi\u0107.<\/strong><\/li><\/ul>\n\n\n\n<ul class=\"wp-block-list\"><li><strong>U \u010detvrtak je nakon ve\u010dernje svete mise klanjanje pred Presvetim. U Vikarijatu je tog dana, s po\u010detkom u 19:30 sati, \u201eSocijalni \u010detvrtak\u201c kojeg vodi mr. Igor Jakobfi.<\/strong><\/li><\/ul>\n\n\n\n<ul class=\"wp-block-list\"><li><strong>U petak slavimo svetkovinu Presveto Srce Isusovo. Svete mise su u 7:30 i 18:30 sati. Na oglasnoj plo\u010di imate plakat o proslavi svetkovine u Rezidenciji Dru\u017ebe Isusove u Stepin\u010devoj ulici u Osijeku. Nakon ve\u010dernje svete mise susret je na\u0161e \u017eupne molitvene zajednice.<\/strong><\/li><\/ul>\n\n\n\n<ul class=\"wp-block-list\"><li><strong>U subotu slavimo Bezgre\u0161no Srce Marijino. Svete mise su u 7:30 i 18:30 sati.<\/strong><\/li><\/ul>\n\n\n\n<ul class=\"wp-block-list\"><li><strong>Sljede\u0107e nedjelje slavimo jedanaestu nedjelju kroz godinu. U samostanskoj crkvi u Tvr\u0111i slave sv. Antuna Padovanskog. Vi\u0161e o toj proslavi imate na oglasnoj plo\u010di. U na\u0161oj \u017eupnoj crkvi svete mise bit \u0107e u 7:00, 9:00, 11:00 i 18:30 sati.<\/strong><\/li><\/ul>\n\n\n\n<ul class=\"wp-block-list\"><li><strong>Pro\u0161logodi\u0161njim potresima te\u0161ko su o\u0161te\u0107eni na\u0161i samostani i crkve na Kaptolu u Zagrebu, Samoboru, \u010cunti\u0107u, Karlovcu, Jastrebarskom, Klanjcu, Hrastovici i Petrinji. Zahvalni za va\u0161u dosada\u0161nju pomo\u0107 preporu\u010damo se i nadalje va\u0161oj dobroti i suosje\u0107ajnosti te vas pozivamo da svojim molitvama i nov\u010danim prilozima pomognete obnovu crkvi i samostana u kojima mi franjevci djelujemo. Svoje nov\u010dane priloge mo\u017eete dati u ozna\u010denu \u0161krabicu pri izlazu iz crkve ili donijeti u \u017eupni ured, a mo\u017eete uzeti i prigodni letak koji se nalazi na stoli\u0107u za tisak.<\/strong><\/li><\/ul>\n\n\n\n<ul class=\"wp-block-list\" type=\"1\"><li><strong>Kupujte i \u010ditajte katoli\u010dki vjerski tisak.<\/strong><\/li><\/ul>\n","protected":false},"excerpt":{"rendered":"<p>Slavimo desetu nedjelju kroz godinu. Ujedno je prva nedjelja u mjesecu kada svojim molitvama i nov\u010danim prilozima poma\u017eemo na\u0161a sjemeni\u0161ta. Svoj nov\u010dani prilog za sjemeni\u0161ta mo\u017eete dati na izlazu iz crkve. Susret \u010dlanova Mjesnoga bratstva OFS-a bit \u0107e u 16:30 sati. Sutra ne\u0107e biti biblijski sat nakon ve\u010dernje mise. U utorak je pobo\u017enost na \u010dast <a href=\"http:\/\/svetaobitelj.hr\/?p=1848\" class=\"more-link\">[&hellip;]<\/a><\/p>\n","protected":false},"author":2,"featured_media":0,"comment_status":"closed","ping_status":"open","sticky":false,"template":"","format":"standard","meta":{"footnotes":""},"categories":[3],"tags":[],"class_list":["entry","author-","post-1848","post","type-post","status-publish","format-standard","category-zupa"],"_links":{"self":[{"href":"http:\/\/svetaobitelj.hr\/index.php?rest_route=\/wp\/v2\/posts\/1848","targetHints":{"allow":["GET"]}}],"collection":[{"href":"http:\/\/svetaobitelj.hr\/index.php?rest_route=\/wp\/v2\/posts"}],"about":[{"href":"http:\/\/svetaobitelj.hr\/index.php?rest_route=\/wp\/v2\/types\/post"}],"author":[{"embeddable":true,"href":"http:\/\/svetaobitelj.hr\/index.php?rest_route=\/wp\/v2\/users\/2"}],"replies":[{"embeddable":true,"href":"http:\/\/svetaobitelj.hr\/index.php?rest_route=%2Fwp%2Fv2%2Fcomments&post=1848"}],"version-history":[{"count":1,"href":"http:\/\/svetaobitelj.hr\/index.php?rest_route=\/wp\/v2\/posts\/1848\/revisions"}],"predecessor-version":[{"id":1849,"href":"http:\/\/svetaobitelj.hr\/index.php?rest_route=\/wp\/v2\/posts\/1848\/revisions\/1849"}],"wp:attachment":[{"href":"http:\/\/svetaobitelj.hr\/index.php?rest_route=%2Fwp%2Fv2%2Fmedia&parent=1848"}],"wp:term":[{"taxonomy":"category","embeddable":true,"href":"http:\/\/svetaobitelj.hr\/index.php?rest_route=%2Fwp%2Fv2%2Fcategories&post=1848"},{"taxonomy":"post_tag","embeddable":true,"href":"http:\/\/svetaobitelj.hr\/index.php?rest_route=%2Fwp%2Fv2%2Ftags&post=1848"}],"curies":[{"name":"wp","href":"https:\/\/api.w.org\/{rel}","templated":true}]}}