{"id":1842,"date":"2021-06-04T19:26:29","date_gmt":"2021-06-04T18:26:29","guid":{"rendered":"http:\/\/svetaobitelj.hr\/?p=1842"},"modified":"2021-06-04T19:26:29","modified_gmt":"2021-06-04T18:26:29","slug":"tijelovo-u-nasoj-zupi","status":"publish","type":"post","link":"http:\/\/svetaobitelj.hr\/?p=1842","title":{"rendered":"Tijelovo u na\u0161oj \u017eupi"},"content":{"rendered":"\n<p>Svetkovina Tijelova u na\u0161oj \u017eupi proslavljena je misnim slavljima i Tijelovskom procesijom oko \u017eupne crkve poslije ve\u010dernje svete mise. <\/p>\n\n\n\n<div class=\"wp-block-image\"><figure class=\"aligncenter size-large\"><img loading=\"lazy\" decoding=\"async\" width=\"1024\" height=\"1024\" src=\"http:\/\/svetaobitelj.hr\/wp-content\/uploads\/2021\/06\/s1-1024x1024.jpg\" alt=\"\" class=\"wp-image-1843\" srcset=\"http:\/\/svetaobitelj.hr\/wp-content\/uploads\/2021\/06\/s1-1024x1024.jpg 1024w, http:\/\/svetaobitelj.hr\/wp-content\/uploads\/2021\/06\/s1-300x300.jpg 300w, http:\/\/svetaobitelj.hr\/wp-content\/uploads\/2021\/06\/s1-150x150.jpg 150w, http:\/\/svetaobitelj.hr\/wp-content\/uploads\/2021\/06\/s1-768x768.jpg 768w, http:\/\/svetaobitelj.hr\/wp-content\/uploads\/2021\/06\/s1-1536x1536.jpg 1536w, http:\/\/svetaobitelj.hr\/wp-content\/uploads\/2021\/06\/s1.jpg 1920w\" sizes=\"auto, (max-width: 1024px) 100vw, 1024px\" \/><\/figure><\/div>\n\n\n\n<div class=\"wp-block-image\"><figure class=\"aligncenter size-large\"><img loading=\"lazy\" decoding=\"async\" width=\"1024\" height=\"1024\" src=\"http:\/\/svetaobitelj.hr\/wp-content\/uploads\/2021\/06\/s4-1024x1024.jpg\" alt=\"\" class=\"wp-image-1844\" srcset=\"http:\/\/svetaobitelj.hr\/wp-content\/uploads\/2021\/06\/s4-1024x1024.jpg 1024w, http:\/\/svetaobitelj.hr\/wp-content\/uploads\/2021\/06\/s4-300x300.jpg 300w, http:\/\/svetaobitelj.hr\/wp-content\/uploads\/2021\/06\/s4-150x150.jpg 150w, http:\/\/svetaobitelj.hr\/wp-content\/uploads\/2021\/06\/s4-768x768.jpg 768w, http:\/\/svetaobitelj.hr\/wp-content\/uploads\/2021\/06\/s4-1536x1536.jpg 1536w, http:\/\/svetaobitelj.hr\/wp-content\/uploads\/2021\/06\/s4.jpg 1920w\" sizes=\"auto, (max-width: 1024px) 100vw, 1024px\" \/><\/figure><\/div>\n\n\n\n<div class=\"wp-block-image\"><figure class=\"aligncenter size-large\"><img loading=\"lazy\" decoding=\"async\" width=\"1024\" height=\"1024\" src=\"http:\/\/svetaobitelj.hr\/wp-content\/uploads\/2021\/06\/s2-1024x1024.jpg\" alt=\"\" class=\"wp-image-1845\" srcset=\"http:\/\/svetaobitelj.hr\/wp-content\/uploads\/2021\/06\/s2-1024x1024.jpg 1024w, http:\/\/svetaobitelj.hr\/wp-content\/uploads\/2021\/06\/s2-300x300.jpg 300w, http:\/\/svetaobitelj.hr\/wp-content\/uploads\/2021\/06\/s2-150x150.jpg 150w, http:\/\/svetaobitelj.hr\/wp-content\/uploads\/2021\/06\/s2-768x768.jpg 768w, http:\/\/svetaobitelj.hr\/wp-content\/uploads\/2021\/06\/s2-1536x1536.jpg 1536w, http:\/\/svetaobitelj.hr\/wp-content\/uploads\/2021\/06\/s2.jpg 1920w\" sizes=\"auto, (max-width: 1024px) 100vw, 1024px\" \/><\/figure><\/div>\n\n\n\n<div class=\"wp-block-image\"><figure class=\"aligncenter size-large\"><img loading=\"lazy\" decoding=\"async\" width=\"1024\" height=\"1024\" src=\"http:\/\/svetaobitelj.hr\/wp-content\/uploads\/2021\/06\/s3-1024x1024.jpg\" alt=\"\" class=\"wp-image-1846\" srcset=\"http:\/\/svetaobitelj.hr\/wp-content\/uploads\/2021\/06\/s3-1024x1024.jpg 1024w, http:\/\/svetaobitelj.hr\/wp-content\/uploads\/2021\/06\/s3-300x300.jpg 300w, http:\/\/svetaobitelj.hr\/wp-content\/uploads\/2021\/06\/s3-150x150.jpg 150w, http:\/\/svetaobitelj.hr\/wp-content\/uploads\/2021\/06\/s3-768x768.jpg 768w, http:\/\/svetaobitelj.hr\/wp-content\/uploads\/2021\/06\/s3-1536x1536.jpg 1536w, http:\/\/svetaobitelj.hr\/wp-content\/uploads\/2021\/06\/s3.jpg 1920w\" sizes=\"auto, (max-width: 1024px) 100vw, 1024px\" \/><\/figure><\/div>\n\n\n\n<p><\/p>\n","protected":false},"excerpt":{"rendered":"<p>Svetkovina Tijelova u na\u0161oj \u017eupi proslavljena je misnim slavljima i Tijelovskom procesijom oko \u017eupne crkve poslije ve\u010dernje svete mise.<\/p>\n","protected":false},"author":2,"featured_media":0,"comment_status":"closed","ping_status":"open","sticky":false,"template":"","format":"standard","meta":{"footnotes":""},"categories":[3],"tags":[],"class_list":["entry","author-","post-1842","post","type-post","status-publish","format-standard","category-zupa"],"_links":{"self":[{"href":"http:\/\/svetaobitelj.hr\/index.php?rest_route=\/wp\/v2\/posts\/1842","targetHints":{"allow":["GET"]}}],"collection":[{"href":"http:\/\/svetaobitelj.hr\/index.php?rest_route=\/wp\/v2\/posts"}],"about":[{"href":"http:\/\/svetaobitelj.hr\/index.php?rest_route=\/wp\/v2\/types\/post"}],"author":[{"embeddable":true,"href":"http:\/\/svetaobitelj.hr\/index.php?rest_route=\/wp\/v2\/users\/2"}],"replies":[{"embeddable":true,"href":"http:\/\/svetaobitelj.hr\/index.php?rest_route=%2Fwp%2Fv2%2Fcomments&post=1842"}],"version-history":[{"count":1,"href":"http:\/\/svetaobitelj.hr\/index.php?rest_route=\/wp\/v2\/posts\/1842\/revisions"}],"predecessor-version":[{"id":1847,"href":"http:\/\/svetaobitelj.hr\/index.php?rest_route=\/wp\/v2\/posts\/1842\/revisions\/1847"}],"wp:attachment":[{"href":"http:\/\/svetaobitelj.hr\/index.php?rest_route=%2Fwp%2Fv2%2Fmedia&parent=1842"}],"wp:term":[{"taxonomy":"category","embeddable":true,"href":"http:\/\/svetaobitelj.hr\/index.php?rest_route=%2Fwp%2Fv2%2Fcategories&post=1842"},{"taxonomy":"post_tag","embeddable":true,"href":"http:\/\/svetaobitelj.hr\/index.php?rest_route=%2Fwp%2Fv2%2Ftags&post=1842"}],"curies":[{"name":"wp","href":"https:\/\/api.w.org\/{rel}","templated":true}]}}