{"id":1803,"date":"2021-04-26T19:31:56","date_gmt":"2021-04-26T18:31:56","guid":{"rendered":"http:\/\/svetaobitelj.hr\/?p=1803"},"modified":"2021-04-26T19:31:57","modified_gmt":"2021-04-26T18:31:57","slug":"sveta-potvrda","status":"publish","type":"post","link":"http:\/\/svetaobitelj.hr\/?p=1803","title":{"rendered":"Sveta potvrda"},"content":{"rendered":"\n<figure class=\"wp-block-image size-large\"><img loading=\"lazy\" decoding=\"async\" width=\"1024\" height=\"1024\" src=\"http:\/\/svetaobitelj.hr\/wp-content\/uploads\/2021\/04\/S1-1024x1024.jpg\" alt=\"\" class=\"wp-image-1804\" srcset=\"http:\/\/svetaobitelj.hr\/wp-content\/uploads\/2021\/04\/S1-1024x1024.jpg 1024w, http:\/\/svetaobitelj.hr\/wp-content\/uploads\/2021\/04\/S1-300x300.jpg 300w, http:\/\/svetaobitelj.hr\/wp-content\/uploads\/2021\/04\/S1-150x150.jpg 150w, http:\/\/svetaobitelj.hr\/wp-content\/uploads\/2021\/04\/S1-768x768.jpg 768w, http:\/\/svetaobitelj.hr\/wp-content\/uploads\/2021\/04\/S1-1536x1536.jpg 1536w, http:\/\/svetaobitelj.hr\/wp-content\/uploads\/2021\/04\/S1.jpg 1920w\" sizes=\"auto, (max-width: 1024px) 100vw, 1024px\" \/><\/figure>\n\n\n\n<p>U subotu, 24. travnja 2021. godine u na\u0161oj \u017eupi, sakrament svete potvrde primile su dvije generacije krizmanika \u2013 njih 120 (pro\u0161logodi\u0161nji drugi razredi srednjih \u0161kola, kojima je krizma dva puta odga\u0111ana i ovogodi\u0161nji drugi razredi srednjih \u0161kola). Usprkos brojnim zlonamjernim poku\u0161ajima da se sabotira ovogodi\u0161nja podjela krizme, ona je ipak odr\u017eana i protekla je u specifi\u010dnim okolnostima. Proslava svete mise organizirana je na otvorenom, ispred crkve, a sve u skladu s epidemiolo\u0161kim mjerama i uputama. <\/p>\n\n\n\n<figure class=\"wp-block-image size-large\"><img loading=\"lazy\" decoding=\"async\" width=\"1024\" height=\"485\" src=\"http:\/\/svetaobitelj.hr\/wp-content\/uploads\/2021\/04\/Redari-1024x485.jpg\" alt=\"\" class=\"wp-image-1805\" srcset=\"http:\/\/svetaobitelj.hr\/wp-content\/uploads\/2021\/04\/Redari-1024x485.jpg 1024w, http:\/\/svetaobitelj.hr\/wp-content\/uploads\/2021\/04\/Redari-300x142.jpg 300w, http:\/\/svetaobitelj.hr\/wp-content\/uploads\/2021\/04\/Redari-768x363.jpg 768w, http:\/\/svetaobitelj.hr\/wp-content\/uploads\/2021\/04\/Redari-1536x727.jpg 1536w, http:\/\/svetaobitelj.hr\/wp-content\/uploads\/2021\/04\/Redari-2048x969.jpg 2048w\" sizes=\"auto, (max-width: 1024px) 100vw, 1024px\" \/><\/figure>\n\n\n\n<p>Vrijedni redari na\u0161e \u017eupe pobrinuli su se da sve bude pod kontrolom i pru\u017eili su svoju nesebi\u010dnu pomo\u0107, kako prilikom pripreme i organizacije, tako i za vrijeme cijele svete mise. Euharistijsko slavlje predvodio je Nadbiskup msgr. \u0110uro Hrani\u0107 uz koncelebraciju na\u0161eg \u017eupnika fra Dragutina Bedeni\u010di\u0107a, pre\u010d. Mate Mi\u0107ana i gvardijana fra Zolt\u00e1na Dukaia. U svojoj propovijedi Nadbiskup je pitaju\u0107i se \u201eNe \u010du\u010di\u00a0 li Toma i u svakome od nas, nismo li mi ljudi koji imamo sumnje i pitanja kad je posrijedi vjera u Boga, povjerenje u njega, prihva\u0107anje vjerskih istina i stavova Crkve? \u017delimo i vidjeti i opipati kao uvjet da bi se povjerovalo. I mi bismo \u017eeljeli znakove i o\u010dite dokaze\u2026\u201c, istaknuo va\u017enost sudjelovanja na nedjeljnom euharistijskom slavlju, jer vjera je uvijek dar kojega se prima u zajednici. Obra\u0107aju\u0107i se krizmanicima naglasio je da se ne smiju zadovoljavati osrednjo\u0161\u0107u i minimalizmom, ve\u0107 da nastoje posti\u0107i svoj maksimum i gledaju kakve \u0107e fakultete upisati, jer su potrebni ovom dru\u0161tvu obrazovani, stru\u010dni, kompetentni i sposobni preuzimati odgovornost. U svemu tome treba biti svjestan da je Bog izvan svih na\u0161ih mikroskopa, mjernih ure\u0111aja, radio prijemnika koji bi mogli uhvatiti nekakve radio valove. Bog se ne da uhvatiti mjernim ure\u0111ajem, ali on je itekako tu. Njegova dobrota i ljubav vazda je s nama. Zato je va\u017eno i\u0107i na svetu misu, \u017eupnu katehezu i tu donositi svoje sumnje i pitanja, jer samo u zajednici se mogu dobiti svi odgovori, razbistriti sve sumnje i susresti Uskrsloga Isusa.<\/p>\n\n\n\n<figure class=\"wp-block-image size-large\"><img loading=\"lazy\" decoding=\"async\" width=\"1024\" height=\"1024\" src=\"http:\/\/svetaobitelj.hr\/wp-content\/uploads\/2021\/04\/S2-1024x1024.jpg\" alt=\"\" class=\"wp-image-1806\" srcset=\"http:\/\/svetaobitelj.hr\/wp-content\/uploads\/2021\/04\/S2-1024x1024.jpg 1024w, http:\/\/svetaobitelj.hr\/wp-content\/uploads\/2021\/04\/S2-300x300.jpg 300w, http:\/\/svetaobitelj.hr\/wp-content\/uploads\/2021\/04\/S2-150x150.jpg 150w, http:\/\/svetaobitelj.hr\/wp-content\/uploads\/2021\/04\/S2-768x768.jpg 768w, http:\/\/svetaobitelj.hr\/wp-content\/uploads\/2021\/04\/S2-1536x1536.jpg 1536w, http:\/\/svetaobitelj.hr\/wp-content\/uploads\/2021\/04\/S2.jpg 1920w\" sizes=\"auto, (max-width: 1024px) 100vw, 1024px\" \/><\/figure>\n","protected":false},"excerpt":{"rendered":"<p>U subotu, 24. travnja 2021. godine u na\u0161oj \u017eupi, sakrament svete potvrde primile su dvije generacije krizmanika \u2013 njih 120 (pro\u0161logodi\u0161nji drugi razredi srednjih \u0161kola, kojima je krizma dva puta odga\u0111ana i ovogodi\u0161nji drugi razredi srednjih \u0161kola). Usprkos brojnim zlonamjernim poku\u0161ajima da se sabotira ovogodi\u0161nja podjela krizme, ona je ipak odr\u017eana i protekla je u <a href=\"http:\/\/svetaobitelj.hr\/?p=1803\" class=\"more-link\">[&hellip;]<\/a><\/p>\n","protected":false},"author":2,"featured_media":0,"comment_status":"closed","ping_status":"open","sticky":false,"template":"","format":"standard","meta":{"footnotes":""},"categories":[3],"tags":[],"class_list":["entry","author-","post-1803","post","type-post","status-publish","format-standard","category-zupa"],"_links":{"self":[{"href":"http:\/\/svetaobitelj.hr\/index.php?rest_route=\/wp\/v2\/posts\/1803","targetHints":{"allow":["GET"]}}],"collection":[{"href":"http:\/\/svetaobitelj.hr\/index.php?rest_route=\/wp\/v2\/posts"}],"about":[{"href":"http:\/\/svetaobitelj.hr\/index.php?rest_route=\/wp\/v2\/types\/post"}],"author":[{"embeddable":true,"href":"http:\/\/svetaobitelj.hr\/index.php?rest_route=\/wp\/v2\/users\/2"}],"replies":[{"embeddable":true,"href":"http:\/\/svetaobitelj.hr\/index.php?rest_route=%2Fwp%2Fv2%2Fcomments&post=1803"}],"version-history":[{"count":1,"href":"http:\/\/svetaobitelj.hr\/index.php?rest_route=\/wp\/v2\/posts\/1803\/revisions"}],"predecessor-version":[{"id":1807,"href":"http:\/\/svetaobitelj.hr\/index.php?rest_route=\/wp\/v2\/posts\/1803\/revisions\/1807"}],"wp:attachment":[{"href":"http:\/\/svetaobitelj.hr\/index.php?rest_route=%2Fwp%2Fv2%2Fmedia&parent=1803"}],"wp:term":[{"taxonomy":"category","embeddable":true,"href":"http:\/\/svetaobitelj.hr\/index.php?rest_route=%2Fwp%2Fv2%2Fcategories&post=1803"},{"taxonomy":"post_tag","embeddable":true,"href":"http:\/\/svetaobitelj.hr\/index.php?rest_route=%2Fwp%2Fv2%2Ftags&post=1803"}],"curies":[{"name":"wp","href":"https:\/\/api.w.org\/{rel}","templated":true}]}}