{"id":1791,"date":"2021-04-18T19:42:08","date_gmt":"2021-04-18T18:42:08","guid":{"rendered":"http:\/\/svetaobitelj.hr\/?p=1791"},"modified":"2021-04-18T19:42:08","modified_gmt":"2021-04-18T18:42:08","slug":"uskrsni-pokloni-za-korisnike-pucke-kuhinje-u-osijeku","status":"publish","type":"post","link":"http:\/\/svetaobitelj.hr\/?p=1791","title":{"rendered":"Uskrsni pokloni za korisnike Pu\u010dke kuhinje u Osijeku"},"content":{"rendered":"\n<div class=\"wp-block-image\"><figure class=\"aligncenter size-large\"><img loading=\"lazy\" decoding=\"async\" width=\"768\" height=\"1024\" src=\"http:\/\/svetaobitelj.hr\/wp-content\/uploads\/2021\/04\/Slika-1-768x1024.jpg\" alt=\"\" class=\"wp-image-1792\" srcset=\"http:\/\/svetaobitelj.hr\/wp-content\/uploads\/2021\/04\/Slika-1-768x1024.jpg 768w, http:\/\/svetaobitelj.hr\/wp-content\/uploads\/2021\/04\/Slika-1-225x300.jpg 225w, http:\/\/svetaobitelj.hr\/wp-content\/uploads\/2021\/04\/Slika-1-1152x1536.jpg 1152w, http:\/\/svetaobitelj.hr\/wp-content\/uploads\/2021\/04\/Slika-1.jpg 1200w\" sizes=\"auto, (max-width: 768px) 100vw, 768px\" \/><\/figure><\/div>\n\n\n\n<p>I ove godine, sjetili smo se potrebitih, te smo skromnom, ve\u0107 tradicionalnom akcijom &#8220;jaje i \u010dokolada za korisnike Pu\u010dke kuhinje i Centra za prihvat besku\u0107nika u Osijeku&#8221;, donijeli osmijeh na njihova lica. Zbog epidemiolo\u0161kih mjera, volonteri Caritasa nisu mogli osobno podijeliti korisnicima prikupljene darove, ve\u0107 su ih predali voditeljici Pu\u010dke kuhinje, g\u0111i. Maji Cindri\u0107. Zahvalni smo svima Vama koji ste svojim darovima podr\u017eali i ovu na\u0161u akciju. Sjetimo se Isusovih rije\u010di: &#8220;Jer ogladnjeh i dadoste mi jesti, o\u017eednjeh i napojiste me, stranac bijah i primiste me, gol i zaogrnuste me, oboljeh i pohodiste me, u tamnici bijah i do\u0111oste k meni.&#8221;<\/p>\n","protected":false},"excerpt":{"rendered":"<p>I ove godine, sjetili smo se potrebitih, te smo skromnom, ve\u0107 tradicionalnom akcijom &#8220;jaje i \u010dokolada za korisnike Pu\u010dke kuhinje i Centra za prihvat besku\u0107nika u Osijeku&#8221;, donijeli osmijeh na njihova lica. Zbog epidemiolo\u0161kih mjera, volonteri Caritasa nisu mogli osobno podijeliti korisnicima prikupljene darove, ve\u0107 su ih predali voditeljici Pu\u010dke kuhinje, g\u0111i. Maji Cindri\u0107. Zahvalni <a href=\"http:\/\/svetaobitelj.hr\/?p=1791\" class=\"more-link\">[&hellip;]<\/a><\/p>\n","protected":false},"author":2,"featured_media":0,"comment_status":"closed","ping_status":"open","sticky":false,"template":"","format":"standard","meta":{"footnotes":""},"categories":[3],"tags":[],"class_list":["entry","author-","post-1791","post","type-post","status-publish","format-standard","category-zupa"],"_links":{"self":[{"href":"http:\/\/svetaobitelj.hr\/index.php?rest_route=\/wp\/v2\/posts\/1791","targetHints":{"allow":["GET"]}}],"collection":[{"href":"http:\/\/svetaobitelj.hr\/index.php?rest_route=\/wp\/v2\/posts"}],"about":[{"href":"http:\/\/svetaobitelj.hr\/index.php?rest_route=\/wp\/v2\/types\/post"}],"author":[{"embeddable":true,"href":"http:\/\/svetaobitelj.hr\/index.php?rest_route=\/wp\/v2\/users\/2"}],"replies":[{"embeddable":true,"href":"http:\/\/svetaobitelj.hr\/index.php?rest_route=%2Fwp%2Fv2%2Fcomments&post=1791"}],"version-history":[{"count":1,"href":"http:\/\/svetaobitelj.hr\/index.php?rest_route=\/wp\/v2\/posts\/1791\/revisions"}],"predecessor-version":[{"id":1793,"href":"http:\/\/svetaobitelj.hr\/index.php?rest_route=\/wp\/v2\/posts\/1791\/revisions\/1793"}],"wp:attachment":[{"href":"http:\/\/svetaobitelj.hr\/index.php?rest_route=%2Fwp%2Fv2%2Fmedia&parent=1791"}],"wp:term":[{"taxonomy":"category","embeddable":true,"href":"http:\/\/svetaobitelj.hr\/index.php?rest_route=%2Fwp%2Fv2%2Fcategories&post=1791"},{"taxonomy":"post_tag","embeddable":true,"href":"http:\/\/svetaobitelj.hr\/index.php?rest_route=%2Fwp%2Fv2%2Ftags&post=1791"}],"curies":[{"name":"wp","href":"https:\/\/api.w.org\/{rel}","templated":true}]}}