{"id":1785,"date":"2021-04-17T10:47:54","date_gmt":"2021-04-17T09:47:54","guid":{"rendered":"http:\/\/svetaobitelj.hr\/?p=1785"},"modified":"2021-04-17T10:47:54","modified_gmt":"2021-04-17T09:47:54","slug":"zupne-obavijesti-3-vazmena-nedjelja-2","status":"publish","type":"post","link":"http:\/\/svetaobitelj.hr\/?p=1785","title":{"rendered":"\u017dupne obavijesti: 3. vazmena nedjelja"},"content":{"rendered":"\n<ul class=\"wp-block-list\"><li>Slavimo tre\u0107u vazmenu nedjelju. Na snazi su jo\u0161 uvijek propisi za  spre\u010davanje \u0161irenja Covida19 kojih smo se obvezni pridr\u017eavati. Na\u0161i nam redari poma\u017eu u tome pa vas molimo za ozbiljnost i odgovornost. <\/li><li>Ovaj \u0107emo tjedan pod ve\u010dernjim svetim misama moliti za duhovna zvanja budu\u0107i da je sljede\u0107e nedjelje Nedjelja Dobrog Pastira.<\/li><li>Utorkom je pobo\u017enost na \u010dast sv. Antunu s po\u010detkom u 18:30 sati.<\/li><li>U \u010detvrtak je susret i ispit kandidata za krizmu u 19:30 sati, a u petak je ispovijed za njih u 9:00 i u 15:00 sati. U subotu je slavlje svete Potvrde pod svetom misom u 10:00 sati koju predslavi na\u0161 nadbiskup mons. \u0110uro Hrani\u0107. Zbog epidemiolo\u0161kih razloga na svetoj \u0107e misi uz sve\u0107enike sudjelovati samo pripravnici za svetu Potvrdu i njihovi kumovi.<\/li><li>Sljede\u0107e nedjelje slavimo \u010detvrtu vazmenu nedjelju koja je i nedjelja Dobroga Pastira te Svjetski dan molitve za sve\u0107eni\u010dka i redovni\u010dka zvanja. Nakon svetih misa prikupljat \u0107emo nov\u010dane priloge za na\u0161a sjemeni\u0161ta.<\/li><li>Poruka na\u0161ega nadbiskupa mons. \u0110ure Hrani\u0107a vjernicima uz obiteljska slavlja prilikom sv. krizme, prve pri\u010desti i kr\u0161tenja: <em>\u201eDraga bra\u0107o i sestre, najusrdnije molim sve roditelje, krizmanike te sve vjernike da obiteljska slavlja vezana uz sakramentalna slavlja (krizmu, prvu pri\u010dest, kr\u0161tenje) budu veoma skromna te ograni\u010dena na veoma uski krug obitelji i kumova. U skladu sa smjernicama i odlukama Druge biskupijske sinode, sve vas molim da se ne upu\u0161tate u nepotrebne financijske tro\u0161kove s ve\u0107im brojem uzvanika, te da se trudite izbje\u0107i sve ono \u0161to nije u skladu sa sakramentalnim i crkvenim slavljem. Kumove istodobno molim da se ne upu\u0161tate u suvi\u0161ne tro\u0161kove, niti u kupovinu neprimjerenih darova. Kum\u010detu se uz sakramente ne poklanja skupi dar, nego neka uspomena koja podsje\u0107a na primljeni sakrament (Biblija, kri\u017e, nabo\u017eni predmet ili prikladna knjiga). Roditelje molim da navedeno po\u0161tuju osobito ove godine, zbog ozbiljne epidemiolo\u0161ke situacije, te da prilikom krizme, prve pri\u010desti i kr\u0161tenja na objed ne pozivaju nikoga od rodbine i prijatelja, osim krizmanog kuma ili kume. Obiteljski objed neka se organizira isklju\u010divo u vlastitom domu. Usrdno vas molim da suprotnim postupkom ne navla\u010dite odium javnosti na sebe, na Crkvu i na sakramentalna slavlja. Svima unaprijed zahvaljujem na razumijevanju i suradnji.\u201c<\/em> (\u0110uro Hrani\u0107, nadbiskup)<\/li><li>Caritas na\u0161e Nadbiskupije poziva nas da sudjelujemo u akciji \u201eJedan nov\u010di\u0107-zalog za na\u0161u budu\u0107nost\u201c \u010dime poma\u017eemo radu Nadbiskupijske zaklade \u201eDr. Nikola Dogan\u201c koja poma\u017ee u\u010denicima i studentima. Pozvani smo pomo\u0107i Zakladi svojim nov\u010danim sredstvima tijekom uskrsnog vremena donacijom od 20 kuna, a mo\u017ee biti i vi\u0161e. Svoj dar mo\u017eete donijeti u \u017eupni ured u uredovno vrijeme ili direktno uplatiti kako je nazna\u010deno na plakatu na oglasnoj plo\u010di.<\/li><li>Kupujte i \u010ditajte katoli\u010dki vjerski tisak.<\/li><\/ul>\n","protected":false},"excerpt":{"rendered":"<p>Slavimo tre\u0107u vazmenu nedjelju. Na snazi su jo\u0161 uvijek propisi za spre\u010davanje \u0161irenja Covida19 kojih smo se obvezni pridr\u017eavati. Na\u0161i nam redari poma\u017eu u tome pa vas molimo za ozbiljnost i odgovornost. Ovaj \u0107emo tjedan pod ve\u010dernjim svetim misama moliti za duhovna zvanja budu\u0107i da je sljede\u0107e nedjelje Nedjelja Dobrog Pastira. Utorkom je pobo\u017enost na <a href=\"http:\/\/svetaobitelj.hr\/?p=1785\" class=\"more-link\">[&hellip;]<\/a><\/p>\n","protected":false},"author":2,"featured_media":0,"comment_status":"closed","ping_status":"open","sticky":false,"template":"","format":"standard","meta":{"footnotes":""},"categories":[3],"tags":[],"class_list":["entry","author-","post-1785","post","type-post","status-publish","format-standard","category-zupa"],"_links":{"self":[{"href":"http:\/\/svetaobitelj.hr\/index.php?rest_route=\/wp\/v2\/posts\/1785","targetHints":{"allow":["GET"]}}],"collection":[{"href":"http:\/\/svetaobitelj.hr\/index.php?rest_route=\/wp\/v2\/posts"}],"about":[{"href":"http:\/\/svetaobitelj.hr\/index.php?rest_route=\/wp\/v2\/types\/post"}],"author":[{"embeddable":true,"href":"http:\/\/svetaobitelj.hr\/index.php?rest_route=\/wp\/v2\/users\/2"}],"replies":[{"embeddable":true,"href":"http:\/\/svetaobitelj.hr\/index.php?rest_route=%2Fwp%2Fv2%2Fcomments&post=1785"}],"version-history":[{"count":4,"href":"http:\/\/svetaobitelj.hr\/index.php?rest_route=\/wp\/v2\/posts\/1785\/revisions"}],"predecessor-version":[{"id":1789,"href":"http:\/\/svetaobitelj.hr\/index.php?rest_route=\/wp\/v2\/posts\/1785\/revisions\/1789"}],"wp:attachment":[{"href":"http:\/\/svetaobitelj.hr\/index.php?rest_route=%2Fwp%2Fv2%2Fmedia&parent=1785"}],"wp:term":[{"taxonomy":"category","embeddable":true,"href":"http:\/\/svetaobitelj.hr\/index.php?rest_route=%2Fwp%2Fv2%2Fcategories&post=1785"},{"taxonomy":"post_tag","embeddable":true,"href":"http:\/\/svetaobitelj.hr\/index.php?rest_route=%2Fwp%2Fv2%2Ftags&post=1785"}],"curies":[{"name":"wp","href":"https:\/\/api.w.org\/{rel}","templated":true}]}}