{"id":1778,"date":"2021-04-10T07:27:47","date_gmt":"2021-04-10T06:27:47","guid":{"rendered":"http:\/\/svetaobitelj.hr\/?p=1778"},"modified":"2021-04-10T07:27:47","modified_gmt":"2021-04-10T06:27:47","slug":"zupne-obavijesti-2-vazmena-nedjelja-2","status":"publish","type":"post","link":"http:\/\/svetaobitelj.hr\/?p=1778","title":{"rendered":"\u017dupne obavijesti: 2. vazmena nedjelja"},"content":{"rendered":"<ul>\n<li>Slavimo drugu vazmenu nedjelju. Nakon svetih misa skupljamo nov\u010dane priloge za sjemeni\u0161ta te molimo za duhovna zvanja.<\/li>\n<li>Na snazi su jo\u0161 uvijek posebni propisi Civilnog sto\u017eera kao i upute na\u0161ega Nadbiskupa za spre\u010davanje \u0161irenja Covida19 kojih smo se obvezni pridr\u017eavati. Na\u0161i nam redari poma\u017eu u tome pa vas molimo za ozbiljnost i odgovornost.<\/li>\n<li>Utorkom je pobo\u017enost 13 utoraka na \u010dast sv. Antunu Padovanskom. Zbog epidemiolo\u0161kih razloga molimo na po\u010detku ve\u010dernje svete mise molitvu sv. Antunu nakon \u010dega slijedi sveta misa.<\/li>\n<li>Sljede\u0107e nedjelje slavimo tre\u0107u vazmenu nedjelju.<\/li>\n<li>Kandidati za primanje svete Potvrde koji su trebali primiti sakrament pro\u0161le godine, a to su sada\u0161nji tre\u0107i razredi srednjih \u0161kola, imat \u0107e \u017eupnu katehezu u petak, 16. travnja, prema rasporedu: u 9:00 ili u 15:00 sati.<\/li>\n<li>Poruka na\u0161ega nadbiskupa mons. \u0110ure Hrani\u0107a vjernicima uz obiteljska slavlja prilikom sv. krizme, prve pri\u010desti i kr\u0161tenja:<em> \u201eDraga bra\u0107o i sestre, najusrdnije molim sve roditelje, krizmanike te sve vjernike da obiteljska slavlja vezana uz sakramentalna slavlja (krizmu, prvu pri\u010dest, kr\u0161tenje) budu veoma skromna te ograni\u010dena na veoma uski krug obitelji i kumova. U skladu sa smjernicama i odlukama Druge biskupijske sinode, sve vas molim da se ne upu\u0161tate u nepotrebne financijske tro\u0161kove s ve\u0107im brojem uzvanika, te da se <\/em><em>trudite izbje\u0107i sve ono \u0161to nije u skladu sa sakramentalnim i crkvenim slavljem. Kumove istodobno molim da se ne upu\u0161tate u suvi\u0161ne tro\u0161kove, niti u kupovinu neprimjerenih darova. Kum\u010detu se uz sakramente ne poklanja skupi dar, nego neka uspomena koja podsje\u0107a na primljeni sakrament (Biblija, kri\u017e, nabo\u017eni predmet ili prikladna knjiga). Roditelje molim da navedeno po\u0161tuju osobito ove godine, zbog ozbiljne epidemiolo\u0161ke situacije, te da prilikom krizme, prve pri\u010desti i kr\u0161tenja na objed ne pozivaju nikoga od rodbine i prijatelja, osim krizmanog kuma ili kume. Obiteljski objed neka se organizira\u00a0 isklju\u010divo u vlastitom domu. Usrdno vas molim da suprotnim postupkom ne navla\u010dite odium javnosti na sebe, na Crkvu i na sakramentalna slavlja. Svima unaprijed zahvaljujem na razumijevanju i suradnju.\u201c<\/em> (\u0110uro Hrani\u0107, nadbiskup)<\/li>\n<li>Caritas na\u0161e Nadbiskupije poziva nas da sudjelujemo u akciji \u201eJedan nov\u010di\u0107-zalog za na\u0161u budu\u0107nost\u201c \u010dime poma\u017eemo radu Nadbiskupijske zaklade \u201eDr. Nikola Dogan\u201c koja poma\u017ee u\u010denicima i studentima.\u00a0 Pozvani smo pomo\u0107i Zakladi svojim nov\u010danim sredstvima tijekom uskrsnog vremena donacijom od 20 kuna, a mo\u017ee biti i vi\u0161e. Svoj dar mo\u017eete donijeti u \u017eupni ured u uredovno vrijeme ili direktno uplatiti kako je nazna\u010deno na plakatu na oglasnoj plo\u010di.<\/li>\n<li>Molimo sve vas koji jo\u0161 nemate \u017eupnu obiteljsku knji\u017eicu ili je potrebno upisati promjene u postoje\u0107e, da se javite u \u017eupni ured.\u00a0 Kupujte i \u010ditajte katoli\u010dki vjerski tisak.<\/li>\n<\/ul>\n","protected":false},"excerpt":{"rendered":"<p>Slavimo drugu vazmenu nedjelju. Nakon svetih misa skupljamo nov\u010dane priloge za sjemeni\u0161ta te molimo za duhovna zvanja. Na snazi su jo\u0161 uvijek posebni propisi Civilnog sto\u017eera kao i upute na\u0161ega Nadbiskupa za spre\u010davanje \u0161irenja Covida19 kojih smo se obvezni pridr\u017eavati. Na\u0161i nam redari poma\u017eu u tome pa vas molimo za ozbiljnost i odgovornost. Utorkom je <a href=\"http:\/\/svetaobitelj.hr\/?p=1778\" class=\"more-link\">[&hellip;]<\/a><\/p>\n","protected":false},"author":2,"featured_media":0,"comment_status":"closed","ping_status":"open","sticky":false,"template":"","format":"standard","meta":{"footnotes":""},"categories":[3],"tags":[],"class_list":["entry","author-","post-1778","post","type-post","status-publish","format-standard","category-zupa"],"_links":{"self":[{"href":"http:\/\/svetaobitelj.hr\/index.php?rest_route=\/wp\/v2\/posts\/1778","targetHints":{"allow":["GET"]}}],"collection":[{"href":"http:\/\/svetaobitelj.hr\/index.php?rest_route=\/wp\/v2\/posts"}],"about":[{"href":"http:\/\/svetaobitelj.hr\/index.php?rest_route=\/wp\/v2\/types\/post"}],"author":[{"embeddable":true,"href":"http:\/\/svetaobitelj.hr\/index.php?rest_route=\/wp\/v2\/users\/2"}],"replies":[{"embeddable":true,"href":"http:\/\/svetaobitelj.hr\/index.php?rest_route=%2Fwp%2Fv2%2Fcomments&post=1778"}],"version-history":[{"count":5,"href":"http:\/\/svetaobitelj.hr\/index.php?rest_route=\/wp\/v2\/posts\/1778\/revisions"}],"predecessor-version":[{"id":1783,"href":"http:\/\/svetaobitelj.hr\/index.php?rest_route=\/wp\/v2\/posts\/1778\/revisions\/1783"}],"wp:attachment":[{"href":"http:\/\/svetaobitelj.hr\/index.php?rest_route=%2Fwp%2Fv2%2Fmedia&parent=1778"}],"wp:term":[{"taxonomy":"category","embeddable":true,"href":"http:\/\/svetaobitelj.hr\/index.php?rest_route=%2Fwp%2Fv2%2Fcategories&post=1778"},{"taxonomy":"post_tag","embeddable":true,"href":"http:\/\/svetaobitelj.hr\/index.php?rest_route=%2Fwp%2Fv2%2Ftags&post=1778"}],"curies":[{"name":"wp","href":"https:\/\/api.w.org\/{rel}","templated":true}]}}