{"id":1754,"date":"2021-03-27T15:12:22","date_gmt":"2021-03-27T14:12:22","guid":{"rendered":"http:\/\/svetaobitelj.hr\/?p=1754"},"modified":"2021-03-27T15:12:23","modified_gmt":"2021-03-27T14:12:23","slug":"zupne-obavijesti-cvjetnica-3","status":"publish","type":"post","link":"http:\/\/svetaobitelj.hr\/?p=1754","title":{"rendered":"\u017dupne obavijesti: Cvjetnica"},"content":{"rendered":"\n<ul class=\"wp-block-list\"><li><strong>Slavimo nedjelju Muke Gospodnje \u2013 Cvjetnicu. Zapo\u010dinje Veliki tjedan. Caritasove kutijice kao i nov\u010dani dar za potrebe Caritasa mo\u017eete dati na izlazu iz crkve.<\/strong> <\/li><li><strong>Ispovijedamo prije svetih misa u \u017eupnom uredu. U vazmenom trodnevlju ne\u0107emo ispovijedati. Ispovijed za studente bit \u0107e u Konkatedrali 30. o\u017eujka u 20:00 sati.<\/strong> <\/li><li><strong>Utorkom je pobo\u017enost 13 utoraka na \u010dast sv. Antunu Padovanskom. Zbog epidemiolo\u0161kih razloga molimo na po\u010detku ve\u010dernje svete mise molitvu sv. Antunu nakon \u010dega slijedi sveta misa.<\/strong>  <\/li><li><strong>U srijedu je pobo\u017enost kri\u017enoga puta u na\u0161oj \u017eupnoj crkvi u 15:00 sati.<\/strong><\/li><li><strong>Na snazi su jo\u0161 uvijek posebni propisi Civilnog sto\u017eera kao i upute na\u0161ega Nadbiskupa za spre\u010davanje \u0161irenja Covida19 kojih smo se obvezni pridr\u017eavati. Na\u0161i nam redari poma\u017eu u tome pa vas molimo za ozbiljnost i odgovornost osobito u danima Vazmenog trodnevlja koji su pred nama.<\/strong> <\/li><li><strong>VELIKI \u010cETVRTAK: Nema jutarnje svete mise i prije podne ne uredujemo u \u017eupnom uredu. U 10:00 sati je Misa posvete ulja u Katedrali u \u0110akovu. U na\u0161oj \u017eupnoj crkvi je u 18:30 misa Ve\u010dere Gospodnje. <\/strong> <\/li><li><strong>VELIKI PETAK: Obvezatan post i nemrs; nema svetih misa; u 9:00 sati je u na\u0161oj \u017eupnoj crkvi kri\u017eni put, a u 18:00 sati zapo\u010dinju obredi Velikog petka. Milostinja Velikog petka ide za bra\u0107u i sestre katolike u Isusovoj domovini, \u0161to osobito pokazujemo svojim nov\u010danim prilogom kod klanjanja kri\u017eu.<\/strong> <\/li><li><strong>VELIKA SUBOTA: nema svetih misa; pohod \u201eBo\u017ejem grobu\u201c je cijeli dan. Crkva \u0107e biti otvorena od 8:00 sati, a Vazmeno bdijenje zapo\u010dinje u 19:00 sati.<\/strong> <\/li><li><strong>Sljede\u0107e nedjelje slavimo Nedjelju uskrsnu\u0107a Gospodinova &#8211; Vazam. Mise su prema izvanrednom rasporedu. Na kraju \u00a0svetih misa u 7:00; 8:00, 9:00 i 10:00 sati bit \u0107e blagoslov jela. Nakon svih svetih misa skupljat \u0107emo nov\u010dane priloge za \u201ePetrov nov\u010di\u0107\u201c \u010dime poma\u017eemo djelovanju Svete Stolice u Rimu. Na uskrsni ponedjeljak skupljat \u0107emo pisanice i \u010dokolade za korisnike Pu\u010dke kuhinje u Osijeku nakon svetih misa. Nov\u010dane priloge za sjemeni\u0161ta skupljat \u0107emo na Bijelu nedjelju. <\/strong> <\/li><li><strong>Molimo sve vas koji jo\u0161 nemate \u017eupnu obiteljsku knji\u017eicu ili je potrebno upisati promjene u postoje\u0107e, da se javite u \u017eupni ured. Kupujte i \u010ditajte katoli\u010dki vjerski tisak. <\/strong> <\/li><\/ul>\n","protected":false},"excerpt":{"rendered":"<p>Slavimo nedjelju Muke Gospodnje \u2013 Cvjetnicu. Zapo\u010dinje Veliki tjedan. Caritasove kutijice kao i nov\u010dani dar za potrebe Caritasa mo\u017eete dati na izlazu iz crkve. Ispovijedamo prije svetih misa u \u017eupnom uredu. U vazmenom trodnevlju ne\u0107emo ispovijedati. Ispovijed za studente bit \u0107e u Konkatedrali 30. o\u017eujka u 20:00 sati. Utorkom je pobo\u017enost 13 utoraka na \u010dast <a href=\"http:\/\/svetaobitelj.hr\/?p=1754\" class=\"more-link\">[&hellip;]<\/a><\/p>\n","protected":false},"author":2,"featured_media":0,"comment_status":"closed","ping_status":"open","sticky":false,"template":"","format":"standard","meta":{"footnotes":""},"categories":[3],"tags":[],"class_list":["entry","author-","post-1754","post","type-post","status-publish","format-standard","category-zupa"],"_links":{"self":[{"href":"http:\/\/svetaobitelj.hr\/index.php?rest_route=\/wp\/v2\/posts\/1754","targetHints":{"allow":["GET"]}}],"collection":[{"href":"http:\/\/svetaobitelj.hr\/index.php?rest_route=\/wp\/v2\/posts"}],"about":[{"href":"http:\/\/svetaobitelj.hr\/index.php?rest_route=\/wp\/v2\/types\/post"}],"author":[{"embeddable":true,"href":"http:\/\/svetaobitelj.hr\/index.php?rest_route=\/wp\/v2\/users\/2"}],"replies":[{"embeddable":true,"href":"http:\/\/svetaobitelj.hr\/index.php?rest_route=%2Fwp%2Fv2%2Fcomments&post=1754"}],"version-history":[{"count":1,"href":"http:\/\/svetaobitelj.hr\/index.php?rest_route=\/wp\/v2\/posts\/1754\/revisions"}],"predecessor-version":[{"id":1755,"href":"http:\/\/svetaobitelj.hr\/index.php?rest_route=\/wp\/v2\/posts\/1754\/revisions\/1755"}],"wp:attachment":[{"href":"http:\/\/svetaobitelj.hr\/index.php?rest_route=%2Fwp%2Fv2%2Fmedia&parent=1754"}],"wp:term":[{"taxonomy":"category","embeddable":true,"href":"http:\/\/svetaobitelj.hr\/index.php?rest_route=%2Fwp%2Fv2%2Fcategories&post=1754"},{"taxonomy":"post_tag","embeddable":true,"href":"http:\/\/svetaobitelj.hr\/index.php?rest_route=%2Fwp%2Fv2%2Ftags&post=1754"}],"curies":[{"name":"wp","href":"https:\/\/api.w.org\/{rel}","templated":true}]}}