{"id":1749,"date":"2021-03-12T17:23:42","date_gmt":"2021-03-12T16:23:42","guid":{"rendered":"http:\/\/svetaobitelj.hr\/?p=1749"},"modified":"2021-03-12T17:23:42","modified_gmt":"2021-03-12T16:23:42","slug":"zupne-obavijesti-4-korizmena-nedjelja-2","status":"publish","type":"post","link":"http:\/\/svetaobitelj.hr\/?p=1749","title":{"rendered":"\u017dupne obavijesti: 4.korizmena nedjelja"},"content":{"rendered":"\n<ul class=\"wp-block-list\"><li><strong>Slavimo \u010detvrtu korizmenu nedjelju. Danas molimo za duhovna zvanja te nakon svetih misa prikupljamo nov\u010dane priloge za sjemeni\u0161ta.<\/strong><\/li><\/ul>\n\n\n\n<ul class=\"wp-block-list\"><li><strong>Prikupljanje prehrambenih\nproizvoda i higijenskih potrep\u0161tina za potrebite na\u0161e \u017dupe bit \u0107e izme\u0111u ove\nnedjelje i Cvjetnice. Caritas na\u0161e Nadbiskupije nastavlja s projektom \u201eDje\u010dja\nko\u0161arica \u2013 Uskrs 2021.\u201c kao i projektom \u201eBla\u017eenije je davati nego primati\u201c \u010dime\nsvojim nov\u010danim prilozima te hranom, higijenskim i dje\u010djim potrep\u0161tinama poma\u017eemo\nCaritasov Centar za majku i dijete, Pu\u010dku kuhinju i Centar za besku\u0107nike u\nOsijeku. Svoje darove mo\u017eete donijeti u \u017eupni ured. <\/strong><\/li><\/ul>\n\n\n\n<ul class=\"wp-block-list\"><li><strong>U utorak zapo\u010dinje pobo\u017enost 13\nutoraka na \u010dast sv. Antunu Padovanskom. Zbog epidemiolo\u0161kih razloga molit \u0107emo\nna po\u010detku ve\u010dernje svete mise molitvu sv. Antunu nakon \u010dega slijedi sveta\nmisa.<\/strong><\/li><\/ul>\n\n\n\n<ul class=\"wp-block-list\"><li><strong>Pobo\u017enost kri\u017enoga puta u na\u0161oj\n\u017eupnoj crkvi u korizmi je srijedom i petkom u 15:00 sati.<\/strong><\/li><\/ul>\n\n\n\n<ul class=\"wp-block-list\"><li><strong>U \u010detvrtak je obljetnica smrti\n\u010dasnog Sluge Bo\u017ejega fra Vendelina Vo\u0161njaka, osniva\u010da na\u0161e Hrvatske franjeva\u010dke\nprovincije sv. \u0106irila i Metoda. Svete mise su u 7:30 i 18:30 sati. Sastanak\n\u017eupnih vije\u0107a je u \u010detvrtak u 19:30 sati u vjeronau\u010dnoj dvorani.<\/strong><\/li><\/ul>\n\n\n\n<ul class=\"wp-block-list\"><li><strong>U petak slavimo svetog Josipa.\nSvete mise su u 7:30 i 18:30 sati.<\/strong><\/li><\/ul>\n\n\n\n<ul class=\"wp-block-list\"><li><strong>Sljede\u0107e nedjelje slavimo petu\nkorizmenu nedjelju. U Aljma\u0161u \u0107e na brdu Kalvarija biti Obiteljski kri\u017eni put s\npo\u010detkom u 16:00 sati za obitelji i bra\u010dne parove osje\u010dkih dekanata.<\/strong><\/li><\/ul>\n\n\n\n<ul class=\"wp-block-list\"><li><strong>Ispovijed bolesnika i starijih\nosoba po ku\u0107ama koji ne mogu do\u0107i u crkvu bit \u0107e 22. o\u017eujka od 9:00 sati.\nPotrebno je pridr\u017eavati se mjera kako nam nala\u017ee Sto\u017eer civilne za\u0161tite.\nBolesne i starije osobe treba prijaviti u \u017eupnom uredu. Za ostale redovito\nispovijedamo prije svetih misa u \u017eupnom uredu.<\/strong><\/li><\/ul>\n\n\n\n<ul class=\"wp-block-list\"><li><strong>Molimo sve vas koji jo\u0161 nemate\n\u017eupnu obiteljsku knji\u017eicu ili je potrebno upisati promjene u postoje\u0107e, da se\njavite u \u017eupni ured. <\/strong><\/li><\/ul>\n\n\n\n<ol class=\"wp-block-list\"><li><strong>Kupujte i \u010ditajte katoli\u010dki\nvjerski tisak. <\/strong><\/li><\/ol>\n","protected":false},"excerpt":{"rendered":"<p>Slavimo \u010detvrtu korizmenu nedjelju. Danas molimo za duhovna zvanja te nakon svetih misa prikupljamo nov\u010dane priloge za sjemeni\u0161ta. Prikupljanje prehrambenih proizvoda i higijenskih potrep\u0161tina za potrebite na\u0161e \u017dupe bit \u0107e izme\u0111u ove nedjelje i Cvjetnice. Caritas na\u0161e Nadbiskupije nastavlja s projektom \u201eDje\u010dja ko\u0161arica \u2013 Uskrs 2021.\u201c kao i projektom \u201eBla\u017eenije je davati nego primati\u201c \u010dime <a href=\"http:\/\/svetaobitelj.hr\/?p=1749\" class=\"more-link\">[&hellip;]<\/a><\/p>\n","protected":false},"author":2,"featured_media":0,"comment_status":"closed","ping_status":"open","sticky":false,"template":"","format":"standard","meta":{"footnotes":""},"categories":[3],"tags":[],"class_list":["entry","author-","post-1749","post","type-post","status-publish","format-standard","category-zupa"],"_links":{"self":[{"href":"http:\/\/svetaobitelj.hr\/index.php?rest_route=\/wp\/v2\/posts\/1749","targetHints":{"allow":["GET"]}}],"collection":[{"href":"http:\/\/svetaobitelj.hr\/index.php?rest_route=\/wp\/v2\/posts"}],"about":[{"href":"http:\/\/svetaobitelj.hr\/index.php?rest_route=\/wp\/v2\/types\/post"}],"author":[{"embeddable":true,"href":"http:\/\/svetaobitelj.hr\/index.php?rest_route=\/wp\/v2\/users\/2"}],"replies":[{"embeddable":true,"href":"http:\/\/svetaobitelj.hr\/index.php?rest_route=%2Fwp%2Fv2%2Fcomments&post=1749"}],"version-history":[{"count":1,"href":"http:\/\/svetaobitelj.hr\/index.php?rest_route=\/wp\/v2\/posts\/1749\/revisions"}],"predecessor-version":[{"id":1750,"href":"http:\/\/svetaobitelj.hr\/index.php?rest_route=\/wp\/v2\/posts\/1749\/revisions\/1750"}],"wp:attachment":[{"href":"http:\/\/svetaobitelj.hr\/index.php?rest_route=%2Fwp%2Fv2%2Fmedia&parent=1749"}],"wp:term":[{"taxonomy":"category","embeddable":true,"href":"http:\/\/svetaobitelj.hr\/index.php?rest_route=%2Fwp%2Fv2%2Fcategories&post=1749"},{"taxonomy":"post_tag","embeddable":true,"href":"http:\/\/svetaobitelj.hr\/index.php?rest_route=%2Fwp%2Fv2%2Ftags&post=1749"}],"curies":[{"name":"wp","href":"https:\/\/api.w.org\/{rel}","templated":true}]}}