{"id":1746,"date":"2021-03-06T08:30:09","date_gmt":"2021-03-06T07:30:09","guid":{"rendered":"http:\/\/svetaobitelj.hr\/?p=1746"},"modified":"2021-03-06T08:30:09","modified_gmt":"2021-03-06T07:30:09","slug":"zupne-obavijesti-3-korizmena-nedjelja-3","status":"publish","type":"post","link":"http:\/\/svetaobitelj.hr\/?p=1746","title":{"rendered":"\u017dupne obavijesti: 3. korizmena nedjelja"},"content":{"rendered":"\n<ul class=\"wp-block-list\"><li><strong>Slavimo tre\u0107u korizmenu nedjelju. Zavr\u0161ava Tjedan solidarnosti s Crkvom u Bosni i Hercegovini. Nakon svetih misa skupljamo \u00a0nov\u010dane priloge za na\u0161u bra\u0107u i sestre u susjednoj domovini s kojima \u017eelimo biti materijalno, molitveno i duhovno povezani.<\/strong><\/li><\/ul>\n\n\n\n<ul class=\"wp-block-list\"><li><strong>Pobo\u017enost kri\u017enoga puta u na\u0161oj\n\u017eupnoj crkvi u korizmi je srijedom i petkom u 15:00 sati.<\/strong><\/li><\/ul>\n\n\n\n<ul class=\"wp-block-list\"><li><strong>Sljede\u0107e nedjelje slavimo \u010detvrtu\nkorizmenu nedjelju. Molit \u0107emo za duhovna zvanja i prikupljati nov\u010dane priloge\nza sjemeni\u0161ta nakon svetih misa.<\/strong><\/li><\/ul>\n\n\n\n<ul class=\"wp-block-list\"><li><strong>Prikupljanje prehrambenih\nproizvoda i higijenskih potrep\u0161tina za potrebite na\u0161e \u017dupe bit \u0107e izme\u0111u\n\u010detvrte korizmene nedjelje i Cvjetnice. Caritas na\u0161e Nadbiskupije nastavlja s\nprojektom \u201eDje\u010dja ko\u0161arica \u2013 Uskrs 2021.\u201c kao i projektom \u201eBla\u017eenije je davati\nnego primati\u201c \u010dime svojim nov\u010danim prilozima te hranom, higijenskim i dje\u010djim\npotrep\u0161tinama poma\u017eemo Caritasov Centar za majku i dijete, Pu\u010dku kuhinju i\nCentar za besku\u0107nike u Osijeku. Svoje darove mo\u017eete donijeti u \u017eupni ured. <\/strong><\/li><\/ul>\n\n\n\n<ul class=\"wp-block-list\"><li><strong>Ispovijed bolesnika i starijih\nosoba po ku\u0107ama koji ne mogu do\u0107i u crkvu bit \u0107e 22. o\u017eujka od 9:00 sati.\nPotrebno je prijaviti ih u \u017eupnom uredu. Za ostale redovito ispovijedamo prije\nsvetih misa u \u017eupnom uredu.<\/strong><\/li><\/ul>\n\n\n\n<ul class=\"wp-block-list\"><li><strong>Molimo sve vas koji jo\u0161 nemate\n\u017eupnu obiteljsku knji\u017eicu ili je potrebno upisati promjene u postoje\u0107e, da se\njavite u \u017eupni ured. <\/strong><\/li><\/ul>\n\n\n\n<ul class=\"wp-block-list\"><li><strong>Kupujte i \u010ditajte katoli\u010dki\nvjerski tisak. <\/strong><\/li><\/ul>\n","protected":false},"excerpt":{"rendered":"<p>Slavimo tre\u0107u korizmenu nedjelju. Zavr\u0161ava Tjedan solidarnosti s Crkvom u Bosni i Hercegovini. Nakon svetih misa skupljamo \u00a0nov\u010dane priloge za na\u0161u bra\u0107u i sestre u susjednoj domovini s kojima \u017eelimo biti materijalno, molitveno i duhovno povezani. Pobo\u017enost kri\u017enoga puta u na\u0161oj \u017eupnoj crkvi u korizmi je srijedom i petkom u 15:00 sati. Sljede\u0107e nedjelje slavimo <a href=\"http:\/\/svetaobitelj.hr\/?p=1746\" class=\"more-link\">[&hellip;]<\/a><\/p>\n","protected":false},"author":2,"featured_media":0,"comment_status":"closed","ping_status":"open","sticky":false,"template":"","format":"standard","meta":{"footnotes":""},"categories":[3],"tags":[],"class_list":["entry","author-","post-1746","post","type-post","status-publish","format-standard","category-zupa"],"_links":{"self":[{"href":"http:\/\/svetaobitelj.hr\/index.php?rest_route=\/wp\/v2\/posts\/1746","targetHints":{"allow":["GET"]}}],"collection":[{"href":"http:\/\/svetaobitelj.hr\/index.php?rest_route=\/wp\/v2\/posts"}],"about":[{"href":"http:\/\/svetaobitelj.hr\/index.php?rest_route=\/wp\/v2\/types\/post"}],"author":[{"embeddable":true,"href":"http:\/\/svetaobitelj.hr\/index.php?rest_route=\/wp\/v2\/users\/2"}],"replies":[{"embeddable":true,"href":"http:\/\/svetaobitelj.hr\/index.php?rest_route=%2Fwp%2Fv2%2Fcomments&post=1746"}],"version-history":[{"count":1,"href":"http:\/\/svetaobitelj.hr\/index.php?rest_route=\/wp\/v2\/posts\/1746\/revisions"}],"predecessor-version":[{"id":1747,"href":"http:\/\/svetaobitelj.hr\/index.php?rest_route=\/wp\/v2\/posts\/1746\/revisions\/1747"}],"wp:attachment":[{"href":"http:\/\/svetaobitelj.hr\/index.php?rest_route=%2Fwp%2Fv2%2Fmedia&parent=1746"}],"wp:term":[{"taxonomy":"category","embeddable":true,"href":"http:\/\/svetaobitelj.hr\/index.php?rest_route=%2Fwp%2Fv2%2Fcategories&post=1746"},{"taxonomy":"post_tag","embeddable":true,"href":"http:\/\/svetaobitelj.hr\/index.php?rest_route=%2Fwp%2Fv2%2Ftags&post=1746"}],"curies":[{"name":"wp","href":"https:\/\/api.w.org\/{rel}","templated":true}]}}