{"id":1735,"date":"2021-02-19T19:22:56","date_gmt":"2021-02-19T18:22:56","guid":{"rendered":"http:\/\/svetaobitelj.hr\/?p=1735"},"modified":"2021-02-19T19:22:57","modified_gmt":"2021-02-19T18:22:57","slug":"zupne-obavijesti-1-korizmena-nedjelja-3","status":"publish","type":"post","link":"http:\/\/svetaobitelj.hr\/?p=1735","title":{"rendered":"\u017dupne obavijesti: 1. korizmena nedjelja"},"content":{"rendered":"\n<ul class=\"wp-block-list\"><li>Slavimo prvu korizmenu nedjelju. Tko \u017eeli mo\u017ee uzeti caritasove kutijice te stavljati svoj dar u njih tijekom korizme i donijeti ih u crkvu na Cvjetnicu. <\/li><li>Pobo\u017enost kri\u017enoga puta u na\u0161oj \u017eupnoj crkvi u korizmi je srijedom i  petkom u 15:00 sati.<\/li><li>Blagoslov obitelji u na\u0161oj \u017eupi imamo jo\u0161 ove subote od 9:00 sati, s time da je potrebno prijaviti svoju obitelj za blagoslov u \u017eupnom uredu u uredovno vrijeme. Jasno da je potrebno pridr\u017eavati se mjera kako nam nala\u017ee Sto\u017eer civilne za\u0161tite.<\/li><li>Sljede\u0107e nedjelje slavimo drugu korizmenu nedjelju kada i zapo\u010dinje Tjedan solidarnosti s Crkvom u Bosni i Hercegovini.<\/li><li>Akciju pomo\u0107i nastradalima od potresa u Sisa\u010dkoj biskupiji nastavljamo i dalje tako da svoje nov\u010dane priloge kao i higijenske potrep\u0161tine mo\u017eete donijeti u \u017eupni ured.<\/li><li>Prikupljanje prehrambenih proizvoda i higijenskih potrep\u0161tina za potrebite na\u0161e \u017dupe bit \u0107e u razdoblju izme\u0111u \u010detvrte korizmene nedjelje i Cvjetnice.<\/li><li>Molimo sve vas koji jo\u0161 nemate \u017eupnu obiteljsku knji\u017eicu ili je potrebno upisati promjene u postoje\u0107e, da se javite u \u017eupni ured.<\/li><li>Kupujte i \u010ditajte katoli\u010dki vjerski tisak.<\/li><\/ul>\n","protected":false},"excerpt":{"rendered":"<p>Slavimo prvu korizmenu nedjelju. Tko \u017eeli mo\u017ee uzeti caritasove kutijice te stavljati svoj dar u njih tijekom korizme i donijeti ih u crkvu na Cvjetnicu. Pobo\u017enost kri\u017enoga puta u na\u0161oj \u017eupnoj crkvi u korizmi je srijedom i petkom u 15:00 sati. Blagoslov obitelji u na\u0161oj \u017eupi imamo jo\u0161 ove subote od 9:00 sati, s time <a href=\"http:\/\/svetaobitelj.hr\/?p=1735\" class=\"more-link\">[&hellip;]<\/a><\/p>\n","protected":false},"author":2,"featured_media":0,"comment_status":"closed","ping_status":"open","sticky":false,"template":"","format":"standard","meta":{"footnotes":""},"categories":[3],"tags":[],"class_list":["entry","author-","post-1735","post","type-post","status-publish","format-standard","category-zupa"],"_links":{"self":[{"href":"http:\/\/svetaobitelj.hr\/index.php?rest_route=\/wp\/v2\/posts\/1735","targetHints":{"allow":["GET"]}}],"collection":[{"href":"http:\/\/svetaobitelj.hr\/index.php?rest_route=\/wp\/v2\/posts"}],"about":[{"href":"http:\/\/svetaobitelj.hr\/index.php?rest_route=\/wp\/v2\/types\/post"}],"author":[{"embeddable":true,"href":"http:\/\/svetaobitelj.hr\/index.php?rest_route=\/wp\/v2\/users\/2"}],"replies":[{"embeddable":true,"href":"http:\/\/svetaobitelj.hr\/index.php?rest_route=%2Fwp%2Fv2%2Fcomments&post=1735"}],"version-history":[{"count":2,"href":"http:\/\/svetaobitelj.hr\/index.php?rest_route=\/wp\/v2\/posts\/1735\/revisions"}],"predecessor-version":[{"id":1737,"href":"http:\/\/svetaobitelj.hr\/index.php?rest_route=\/wp\/v2\/posts\/1735\/revisions\/1737"}],"wp:attachment":[{"href":"http:\/\/svetaobitelj.hr\/index.php?rest_route=%2Fwp%2Fv2%2Fmedia&parent=1735"}],"wp:term":[{"taxonomy":"category","embeddable":true,"href":"http:\/\/svetaobitelj.hr\/index.php?rest_route=%2Fwp%2Fv2%2Fcategories&post=1735"},{"taxonomy":"post_tag","embeddable":true,"href":"http:\/\/svetaobitelj.hr\/index.php?rest_route=%2Fwp%2Fv2%2Ftags&post=1735"}],"curies":[{"name":"wp","href":"https:\/\/api.w.org\/{rel}","templated":true}]}}