{"id":1164,"date":"2019-12-07T11:32:18","date_gmt":"2019-12-07T10:32:18","guid":{"rendered":"http:\/\/svetaobitelj.hr\/?p=1164"},"modified":"2020-01-29T21:56:42","modified_gmt":"2020-01-29T20:56:42","slug":"adventska-dogadanja","status":"publish","type":"post","link":"http:\/\/svetaobitelj.hr\/?p=1164","title":{"rendered":"Adventska doga\u0111anja"},"content":{"rendered":"\n<figure class=\"wp-block-image\"><img loading=\"lazy\" decoding=\"async\" width=\"1024\" height=\"1024\" src=\"http:\/\/svetaobitelj.hr\/wp-content\/uploads\/2019\/12\/slika1-1024x1024.jpg\" alt=\"\" class=\"wp-image-1165\" srcset=\"http:\/\/svetaobitelj.hr\/wp-content\/uploads\/2019\/12\/slika1-1024x1024.jpg 1024w, http:\/\/svetaobitelj.hr\/wp-content\/uploads\/2019\/12\/slika1-150x150.jpg 150w, http:\/\/svetaobitelj.hr\/wp-content\/uploads\/2019\/12\/slika1-300x300.jpg 300w, http:\/\/svetaobitelj.hr\/wp-content\/uploads\/2019\/12\/slika1-768x768.jpg 768w, http:\/\/svetaobitelj.hr\/wp-content\/uploads\/2019\/12\/slika1.jpg 1920w\" sizes=\"auto, (max-width: 1024px) 100vw, 1024px\" \/><\/figure>\n\n\n\n<p>Paljenjem prve adventske svije\u0107e u na\u0161oj \u017eupi nastavljamo vi\u0161egodi\u0161nju tradiciju koju je osmislio na\u0161 najdra\u017ei \u017eupni vikar fra Davor Filko \u010diji odlazak je i vi\u0161e nego osjetan, uistinu nam nedostaje. <\/p>\n\n\n\n<p>Tijekom adventa imamo pregr\u0161t doga\u0111anja: paljenje svije\u0107a, zornice, sudjelovanje na devetnici Gospi Osje\u010dkoj, prikupljanje \u017eive\u017enih namirnica, higijenskih potrep\u0161tina, nov\u010danih priloga za potrebite na\u0161e \u017eupe, Pu\u010dke kuhinje, Centra za majku i dijete, Centra za besku\u0107nike, Nedjelja Caritasa, pomo\u0107 unesre\u0107enima u potresu u Albaniji.<\/p>\n\n\n\n<figure class=\"wp-block-image\"><img loading=\"lazy\" decoding=\"async\" width=\"1024\" height=\"1024\" src=\"http:\/\/svetaobitelj.hr\/wp-content\/uploads\/2019\/12\/slika2-1024x1024.jpg\" alt=\"\" class=\"wp-image-1166\" srcset=\"http:\/\/svetaobitelj.hr\/wp-content\/uploads\/2019\/12\/slika2-1024x1024.jpg 1024w, http:\/\/svetaobitelj.hr\/wp-content\/uploads\/2019\/12\/slika2-150x150.jpg 150w, http:\/\/svetaobitelj.hr\/wp-content\/uploads\/2019\/12\/slika2-300x300.jpg 300w, http:\/\/svetaobitelj.hr\/wp-content\/uploads\/2019\/12\/slika2-768x768.jpg 768w, http:\/\/svetaobitelj.hr\/wp-content\/uploads\/2019\/12\/slika2.jpg 1920w\" sizes=\"auto, (max-width: 1024px) 100vw, 1024px\" \/><\/figure>\n\n\n\n<p>Sudjeluju\u0107i pokazujemo djelotvornu ljubav kojom smo korak bli\u017ee Djete\u0161cu koje nam dolazi&#8230; Bit Bo\u017ei\u0107a je ljubav i pomaganje potrebitima koje nas pribli\u017eava Bogu -samoj ljepoti. Neka nas ne opije \u0161eranilo izloga i pretrpani stol, nego sjaj Isusa koji \u0107e se ogledati u na\u0161oj du\u0161i i djelima.. Svi smo pozvani!!<\/p>\n\n\n\n<figure class=\"wp-block-image\"><img loading=\"lazy\" decoding=\"async\" width=\"1024\" height=\"1024\" src=\"http:\/\/svetaobitelj.hr\/wp-content\/uploads\/2019\/12\/slika3-1024x1024.jpg\" alt=\"\" class=\"wp-image-1167\" srcset=\"http:\/\/svetaobitelj.hr\/wp-content\/uploads\/2019\/12\/slika3-1024x1024.jpg 1024w, http:\/\/svetaobitelj.hr\/wp-content\/uploads\/2019\/12\/slika3-150x150.jpg 150w, http:\/\/svetaobitelj.hr\/wp-content\/uploads\/2019\/12\/slika3-300x300.jpg 300w, http:\/\/svetaobitelj.hr\/wp-content\/uploads\/2019\/12\/slika3-768x768.jpg 768w, http:\/\/svetaobitelj.hr\/wp-content\/uploads\/2019\/12\/slika3.jpg 1920w\" sizes=\"auto, (max-width: 1024px) 100vw, 1024px\" \/><\/figure>\n","protected":false},"excerpt":{"rendered":"<p>Paljenjem prve adventske svije\u0107e u na\u0161oj \u017eupi nastavljamo vi\u0161egodi\u0161nju tradiciju koju je osmislio na\u0161 najdra\u017ei \u017eupni vikar fra Davor Filko \u010diji odlazak je i vi\u0161e nego osjetan, uistinu nam nedostaje. Tijekom adventa imamo pregr\u0161t doga\u0111anja: paljenje svije\u0107a, zornice, sudjelovanje na devetnici Gospi Osje\u010dkoj, prikupljanje \u017eive\u017enih namirnica, higijenskih potrep\u0161tina, nov\u010danih priloga za potrebite na\u0161e \u017eupe, Pu\u010dke <a href=\"http:\/\/svetaobitelj.hr\/?p=1164\" class=\"more-link\">[&hellip;]<\/a><\/p>\n","protected":false},"author":2,"featured_media":0,"comment_status":"closed","ping_status":"closed","sticky":false,"template":"","format":"standard","meta":{"footnotes":""},"categories":[3],"tags":[],"class_list":["entry","author-","post-1164","post","type-post","status-publish","format-standard","category-zupa"],"_links":{"self":[{"href":"http:\/\/svetaobitelj.hr\/index.php?rest_route=\/wp\/v2\/posts\/1164","targetHints":{"allow":["GET"]}}],"collection":[{"href":"http:\/\/svetaobitelj.hr\/index.php?rest_route=\/wp\/v2\/posts"}],"about":[{"href":"http:\/\/svetaobitelj.hr\/index.php?rest_route=\/wp\/v2\/types\/post"}],"author":[{"embeddable":true,"href":"http:\/\/svetaobitelj.hr\/index.php?rest_route=\/wp\/v2\/users\/2"}],"replies":[{"embeddable":true,"href":"http:\/\/svetaobitelj.hr\/index.php?rest_route=%2Fwp%2Fv2%2Fcomments&post=1164"}],"version-history":[{"count":1,"href":"http:\/\/svetaobitelj.hr\/index.php?rest_route=\/wp\/v2\/posts\/1164\/revisions"}],"predecessor-version":[{"id":1168,"href":"http:\/\/svetaobitelj.hr\/index.php?rest_route=\/wp\/v2\/posts\/1164\/revisions\/1168"}],"wp:attachment":[{"href":"http:\/\/svetaobitelj.hr\/index.php?rest_route=%2Fwp%2Fv2%2Fmedia&parent=1164"}],"wp:term":[{"taxonomy":"category","embeddable":true,"href":"http:\/\/svetaobitelj.hr\/index.php?rest_route=%2Fwp%2Fv2%2Fcategories&post=1164"},{"taxonomy":"post_tag","embeddable":true,"href":"http:\/\/svetaobitelj.hr\/index.php?rest_route=%2Fwp%2Fv2%2Ftags&post=1164"}],"curies":[{"name":"wp","href":"https:\/\/api.w.org\/{rel}","templated":true}]}}