{"id":1161,"date":"2019-12-07T11:06:43","date_gmt":"2019-12-07T10:06:43","guid":{"rendered":"http:\/\/svetaobitelj.hr\/?p=1161"},"modified":"2020-01-29T21:56:42","modified_gmt":"2020-01-29T20:56:42","slug":"2-nedjelja-dosasca","status":"publish","type":"post","link":"http:\/\/svetaobitelj.hr\/?p=1161","title":{"rendered":"\u017dupne obavijesti: 2. nedjelja do\u0161a\u0161\u0107a"},"content":{"rendered":"\n<ul class=\"wp-block-list\"><li><strong>Danas slavimo 2. nedjelju do\u0161a\u0161\u0107a. Nakon svetih misa skupljamo nov\u010dane priloge kako bi pomogli unesre\u0107enima u razornom potresu u Albaniji. Redoviti mjese\u010dni susret Mjesnoga bratstva OFS-a je u 16:30 sati. <\/strong><\/li><\/ul>\n\n\n\n<ul class=\"wp-block-list\"><li><strong>Sutra liturgijski slavimo\nBezgre\u0161no za\u010de\u0107e BDM. Svete mise su u 6:00 i u 18:30 sati. Od 8:30 sati\nispovijedamo bolesne i starije osobe po ku\u0107ama ili stanovima koje ste prijavili\nu \u017eupnom uredu. U 18:15 je pobo\u017enost na \u010dast bl. Marije Petkovi\u0107. Ne\u0107e biti\nbiblijskog sata. U Vikarijatu je s po\u010detkom u 19:30 sati Biblijsko-molitvena\nve\u010der koju vodi vl\u010d. Kre\u0161imir Bulat.<\/strong><\/li><\/ul>\n\n\n\n<ul class=\"wp-block-list\"><li><strong>U utorak je godi\u0161njica smrti\nna\u0161ega prvoga predsjednika, dr. Franje Tu\u0111mana. Sveta misa za njega bit \u0107e u\n6:00 sati. U Vikarijatu je u 19:30 sati Adventski susret povodom Me\u0111unarodnog\ndana ljudskih prava. Gosti su izv. prof. dr. sc. Stjepan Radi\u0107 s temom <em>Vukovar i ljudska prava<\/em> te Domagoj i\nKre\u0161imir Jakumetovi\u0107, s temom <em>Vukovarske\n\u010de\u017enje<\/em>. <\/strong><\/li><\/ul>\n\n\n\n<ul class=\"wp-block-list\"><li><strong>U srijedu je velika ispovijed u\nna\u0161oj \u017eupi u 9:00 i u 15:00 sati kada \u0107e biti na raspolaganju vi\u0161e sve\u0107enika.<\/strong><\/li><\/ul>\n\n\n\n<ul class=\"wp-block-list\"><li><strong>U \u010detvrtak je susret \u010dlanova\nudruge Sv. Vinko nakon ve\u010dernje svete mise, a u Vikarijatu je, s po\u010detkom u\n19:30 sati, a u sklopu Obiteljskog \u010detvrtka, predavanje <em>Brak hrvatskih branitelja iz perspektive jednog\npsihijatra-psihoterapeuta<\/em>. Predavanje \u0107e imati Bo\u017eidar Popovi\u0107, dr. med.,\npsihijatar i psihoterapeut.<\/strong><\/li><\/ul>\n\n\n\n<ul class=\"wp-block-list\"><li><strong>U subotu \u0107e u samostanu sestara u\nBakarskoj 1 s. Anamarija Vukovi\u0107 imati duhovnu obnovu za mlade. Zainteresirani\nneka se jave s. Anamariji (mob. 097 679 9410). Nakon ve\u010dernje svete mise\npaljenje je tre\u0107e adventske svije\u0107e ispred na\u0161e crkve.<\/strong><\/li><\/ul>\n\n\n\n<ul class=\"wp-block-list\"><li><strong>Sljede\u0107e nedjelje slavimo 3.\nnedjelju do\u0161a\u0161\u0107a, a ujedno je <\/strong><strong>Nedjelja Caritasa kada\nskupljamo nov\u010dana sredstva za potrebe Nacionalnog, Nadbiskupijskog i \u017dupnog\nCaritasa. Mo\u017eete donijeti caritasove kutijice sljede\u0107e nedjelje ovdje u crkvu.\nPodsje\u0107amo one koji su kumovi djece u Beninu da uplate svoj dar.<\/strong><strong><\/strong><\/li><\/ul>\n\n\n\n<ul class=\"wp-block-list\"><li><strong>Kroz vrijeme do\u0161a\u0161\u0107a pozvani smo\nna djelotvornu ljubav prema potrebitima u na\u0161oj \u017eupi kao i potrebe Pu\u010dke\nkuhinje, Centra za besku\u0107nike i Centra za majku i dijete u Osijeku. Pomo\u0107i\nmo\u017eemo prikupljanjem \u017eive\u017enih namirnica, higijenskih potrep\u0161tina i nov\u010danim\nprilozima. Svoje darove mo\u017eete donijeti u \u017eupni ured. <\/strong><\/li><\/ul>\n\n\n\n<ul class=\"wp-block-list\"><li><strong>Molimo\nsve one koji su se doselili u na\u0161u \u017eupu, promijenili adresu stanovanja, kao i\nsve one koji do sada nisu primali blagoslov obitelji, a \u017eele ga primiti, neka\nse jave u \u017eupni ured. Tako\u0111er molimo i sve vas koji jo\u0161 nemate \u017eupnu knji\u017eicu\nili je potrebno upisati promjene u postoje\u0107e, da se javite u \u017eupni ured. <\/strong><strong>&nbsp;<\/strong><\/li><\/ul>\n\n\n\n<ul class=\"wp-block-list\"><li><strong>U sakristiji i \u017eupnom uredu mo\u017eete kupiti kalendare za sljede\u0107u gra\u0111ansku godinu. Kupujte i \u010ditajte katoli\u010dki vjerski tisak.<\/strong><\/li><\/ul>\n","protected":false},"excerpt":{"rendered":"<p>Danas slavimo 2. nedjelju do\u0161a\u0161\u0107a. Nakon svetih misa skupljamo nov\u010dane priloge kako bi pomogli unesre\u0107enima u razornom potresu u Albaniji. Redoviti mjese\u010dni susret Mjesnoga bratstva OFS-a je u 16:30 sati. Sutra liturgijski slavimo Bezgre\u0161no za\u010de\u0107e BDM. Svete mise su u 6:00 i u 18:30 sati. Od 8:30 sati ispovijedamo bolesne i starije osobe po ku\u0107ama <a href=\"http:\/\/svetaobitelj.hr\/?p=1161\" class=\"more-link\">[&hellip;]<\/a><\/p>\n","protected":false},"author":2,"featured_media":0,"comment_status":"closed","ping_status":"closed","sticky":false,"template":"","format":"standard","meta":{"footnotes":""},"categories":[3],"tags":[],"class_list":["entry","author-","post-1161","post","type-post","status-publish","format-standard","category-zupa"],"_links":{"self":[{"href":"http:\/\/svetaobitelj.hr\/index.php?rest_route=\/wp\/v2\/posts\/1161","targetHints":{"allow":["GET"]}}],"collection":[{"href":"http:\/\/svetaobitelj.hr\/index.php?rest_route=\/wp\/v2\/posts"}],"about":[{"href":"http:\/\/svetaobitelj.hr\/index.php?rest_route=\/wp\/v2\/types\/post"}],"author":[{"embeddable":true,"href":"http:\/\/svetaobitelj.hr\/index.php?rest_route=\/wp\/v2\/users\/2"}],"replies":[{"embeddable":true,"href":"http:\/\/svetaobitelj.hr\/index.php?rest_route=%2Fwp%2Fv2%2Fcomments&post=1161"}],"version-history":[{"count":2,"href":"http:\/\/svetaobitelj.hr\/index.php?rest_route=\/wp\/v2\/posts\/1161\/revisions"}],"predecessor-version":[{"id":1163,"href":"http:\/\/svetaobitelj.hr\/index.php?rest_route=\/wp\/v2\/posts\/1161\/revisions\/1163"}],"wp:attachment":[{"href":"http:\/\/svetaobitelj.hr\/index.php?rest_route=%2Fwp%2Fv2%2Fmedia&parent=1161"}],"wp:term":[{"taxonomy":"category","embeddable":true,"href":"http:\/\/svetaobitelj.hr\/index.php?rest_route=%2Fwp%2Fv2%2Fcategories&post=1161"},{"taxonomy":"post_tag","embeddable":true,"href":"http:\/\/svetaobitelj.hr\/index.php?rest_route=%2Fwp%2Fv2%2Ftags&post=1161"}],"curies":[{"name":"wp","href":"https:\/\/api.w.org\/{rel}","templated":true}]}}