{"id":1138,"date":"2019-11-29T17:23:33","date_gmt":"2019-11-29T16:23:33","guid":{"rendered":"http:\/\/svetaobitelj.hr\/?p=1138"},"modified":"2020-01-29T21:56:42","modified_gmt":"2020-01-29T20:56:42","slug":"zupne-obavijesti-1-nedjelja-dosasca-2","status":"publish","type":"post","link":"http:\/\/svetaobitelj.hr\/?p=1138","title":{"rendered":"\u017dupne obavijesti: 1. nedjelja do\u0161a\u0161\u0107a"},"content":{"rendered":"\n<ul class=\"wp-block-list\"><li><strong>Danas slavimo 1. nedjelju do\u0161a\u0161\u0107a kojom zapo\u010dinje nova liturgijska ili crkvena godina, a ujedno je i prva nedjelja u mjesecu kada se svojim molitvama i nov\u010danim prilozima sje\u0107amo na\u0161ih sjemeni\u0161ta te molimo za duhovna zvanja. Ve\u010deras na\u0161a \u017eupa hodo\u010dasti Gospi Osje\u010dkoj u Tvr\u0111u u sklopu devetnice za njezin blagdan; molitva krunice je u 17:30, a svetu misu u 18:00 sati predslavi mons. Ivan \u0106uri\u0107, pomo\u0107ni biskup na\u0161e Nadbiskupije. <\/strong><\/li><\/ul>\n\n\n\n<ul class=\"wp-block-list\"><li><strong>Sutra zapo\u010dinju mise zornice koje\nsu od ponedjeljka do subote u 6:00 sati, a tih dana ne\u0107e biti svete mise u\n7:30. Sutra nema biblijskog sata. <\/strong><\/li><\/ul>\n\n\n\n<ul class=\"wp-block-list\"><li><strong>Subotom je nakon ve\u010dernje mise\npaljenje adventske svije\u0107e ispred crkve.<\/strong><\/li><\/ul>\n\n\n\n<ul class=\"wp-block-list\"><li><strong>Ovih dana slu\u0161amo vijesti o\nstrahovitom potresu u Albaniji. Molimo za njih, a sljede\u0107e \u0107emo nedjelje, kada\nslavimo drugu nedjelju do\u0161a\u0161\u0107a, skupljati nakon svetih misa nov\u010dane priloge\nkako bi i na taj na\u010din pomogli unesre\u0107enima. Redoviti mjese\u010dni susret Mjesnoga\nbratstva OFS-a bit \u0107e u 16:30 sati. Svetkovinu Bezgre\u0161nog za\u010de\u0107a Bla\u017eene\nDjevice Marije liturgijski \u0107emo proslaviti u ponedjeljak, 9. prosinca. <\/strong><\/li><\/ul>\n\n\n\n<ul class=\"wp-block-list\"><li><strong>Kroz vrijeme do\u0161a\u0161\u0107a pozvani smo\nna djelotvornu ljubav prema potrebitima u na\u0161oj \u017eupi kao i potrebe Pu\u010dke\nkuhinje, Centra za besku\u0107nike i Centra za majku i dijete u Osijeku. Pomo\u0107i\nmo\u017eemo prikupljanjem \u017eive\u017enih namirnica, higijenskih potrep\u0161tina i nov\u010danim\nprilozima. Svoje darove mo\u017eete donijeti u \u017eupni ured. <\/strong><\/li><\/ul>\n\n\n\n<ul class=\"wp-block-list\"><li><strong>Ispovijed bolesnika i starijih\nosoba koji ne mogu do\u0107i u crkvu bit \u0107e po ku\u0107ama ili stanovima u ponedjeljak, 9.\nprosinca, od 8:30 sati. Potrebno ih je prijaviti u \u017eupni ured. U srijedu, 11.\nprosinca, velika je ispovijed u na\u0161oj \u017eupi u 9:00 i u 15:00 sati kada \u0107e biti\nna raspolaganju vi\u0161e sve\u0107enika.<\/strong><\/li><\/ul>\n\n\n\n<ul class=\"wp-block-list\"><li><strong>Molimo\nsve one koji su se doselili u na\u0161u \u017eupu, promijenili adresu stanovanja, kao i\nsve one koji do sada nisu primali blagoslov obitelji, a \u017eele ga primiti, neka\nse jave u \u017eupni ured. Tako\u0111er molimo i sve vas koji jo\u0161 nemate \u017eupnu knji\u017eicu\nili je potrebno upisati promjene u postoje\u0107e, da se javite u \u017eupni ured. <\/strong><strong><\/strong><\/li><\/ul>\n\n\n\n<ul class=\"wp-block-list\"><li><strong>Pri kraju je obnova grijanja u\nna\u0161oj crkvi i samostanu. Najiskrenije zahvaljujemo svima vama koji ste nam\npomogli. <\/strong><\/li><\/ul>\n\n\n\n<ul class=\"wp-block-list\"><li><strong>U sakristiji i \u017eupnom uredu\nmo\u017eete kupiti kalendare za sljede\u0107u gra\u0111ansku godinu. Kupujte i \u010ditajte katoli\u010dki\nvjerski tisak.<\/strong><\/li><\/ul>\n","protected":false},"excerpt":{"rendered":"<p>Danas slavimo 1. nedjelju do\u0161a\u0161\u0107a kojom zapo\u010dinje nova liturgijska ili crkvena godina, a ujedno je i prva nedjelja u mjesecu kada se svojim molitvama i nov\u010danim prilozima sje\u0107amo na\u0161ih sjemeni\u0161ta te molimo za duhovna zvanja. Ve\u010deras na\u0161a \u017eupa hodo\u010dasti Gospi Osje\u010dkoj u Tvr\u0111u u sklopu devetnice za njezin blagdan; molitva krunice je u 17:30, a <a href=\"http:\/\/svetaobitelj.hr\/?p=1138\" class=\"more-link\">[&hellip;]<\/a><\/p>\n","protected":false},"author":2,"featured_media":0,"comment_status":"closed","ping_status":"closed","sticky":false,"template":"","format":"standard","meta":{"footnotes":""},"categories":[3],"tags":[],"class_list":["entry","author-","post-1138","post","type-post","status-publish","format-standard","category-zupa"],"_links":{"self":[{"href":"http:\/\/svetaobitelj.hr\/index.php?rest_route=\/wp\/v2\/posts\/1138","targetHints":{"allow":["GET"]}}],"collection":[{"href":"http:\/\/svetaobitelj.hr\/index.php?rest_route=\/wp\/v2\/posts"}],"about":[{"href":"http:\/\/svetaobitelj.hr\/index.php?rest_route=\/wp\/v2\/types\/post"}],"author":[{"embeddable":true,"href":"http:\/\/svetaobitelj.hr\/index.php?rest_route=\/wp\/v2\/users\/2"}],"replies":[{"embeddable":true,"href":"http:\/\/svetaobitelj.hr\/index.php?rest_route=%2Fwp%2Fv2%2Fcomments&post=1138"}],"version-history":[{"count":1,"href":"http:\/\/svetaobitelj.hr\/index.php?rest_route=\/wp\/v2\/posts\/1138\/revisions"}],"predecessor-version":[{"id":1139,"href":"http:\/\/svetaobitelj.hr\/index.php?rest_route=\/wp\/v2\/posts\/1138\/revisions\/1139"}],"wp:attachment":[{"href":"http:\/\/svetaobitelj.hr\/index.php?rest_route=%2Fwp%2Fv2%2Fmedia&parent=1138"}],"wp:term":[{"taxonomy":"category","embeddable":true,"href":"http:\/\/svetaobitelj.hr\/index.php?rest_route=%2Fwp%2Fv2%2Fcategories&post=1138"},{"taxonomy":"post_tag","embeddable":true,"href":"http:\/\/svetaobitelj.hr\/index.php?rest_route=%2Fwp%2Fv2%2Ftags&post=1138"}],"curies":[{"name":"wp","href":"https:\/\/api.w.org\/{rel}","templated":true}]}}