{"id":1130,"date":"2019-11-21T12:03:38","date_gmt":"2019-11-21T11:03:38","guid":{"rendered":"http:\/\/svetaobitelj.hr\/?p=1130"},"modified":"2020-01-29T21:57:19","modified_gmt":"2020-01-29T20:57:19","slug":"sveta-misa-za-poginule-hrvatske-branitelje-iz-nase-zupe","status":"publish","type":"post","link":"http:\/\/svetaobitelj.hr\/?p=1130","title":{"rendered":"Sveta misa za poginule hrvatske branitelje iz na\u0161e \u017eupe"},"content":{"rendered":"<p><br>\n<br>\n<!--StartFragment--><\/p>\n\n\n<p>20. studenoga svake godine komemoriramo svetom misom 31 poginulog hrvatskog branitelja iz na\u0161e \u017eupne zajednice. Tako i ove godine fra Dragutin je predslavio misno slavlje pod kojim su pro\u010ditana sva imena i prezimena za koje je slu\u017eena sveta misa. U svojoj propovijedi osvrnuo se na Bo\u017eju rije\u010d iz Druge knjige o Makabejcima gdje majka hrabri svoju djecu za svjedo\u010denje vjere usprkos prijetnji smr\u0107u. Pozvao nas je svojim propitivanjem o ulozi majki i o\u010deva&nbsp; u na\u0161im obiteljima te koje su vrijednosti zastupljene a ti\u010du se \u017eivota, ljudskosti, vjere, domoljublja\u2026. Prije zavr\u0161nog misnog blagoslova Tatjana je pro\u010ditala Molitvu za sve hrvatske branitelje iz koje posebno izdvajamo: \u201eObra\u0107amo ti se iz dubine svoje du\u0161e srca, za sve na\u0161e branitelje koji su \u017ertvovali svoje \u017eivote brane\u0107i svoje ognji\u0161te i svoju domovinu, \u017ertvuju\u0107i svoju mladost, svoje tjelesno i du\u0161evno zdravlje, svoje \u017eivote\u201c. <\/p>\n\n\n\n<p>Molimo Ti se Isuse da njihovim obiteljima podari\u0161 mir u du\u0161i\nkako bi do ponovnog susreta s njima uspjeli boriti se s tugom. Amen!<\/p>\n\n\n<p><!--EndFragment--><br>\n<br>\n<\/p>","protected":false},"excerpt":{"rendered":"<p>20. studenoga svake godine komemoriramo svetom misom 31 poginulog hrvatskog branitelja iz na\u0161e \u017eupne zajednice. Tako i ove godine fra Dragutin je predslavio misno slavlje pod kojim su pro\u010ditana sva imena i prezimena za koje je slu\u017eena sveta misa. U svojoj propovijedi osvrnuo se na Bo\u017eju rije\u010d iz Druge knjige o Makabejcima gdje majka hrabri <a href=\"http:\/\/svetaobitelj.hr\/?p=1130\" class=\"more-link\">[&hellip;]<\/a><\/p>\n","protected":false},"author":2,"featured_media":0,"comment_status":"closed","ping_status":"closed","sticky":false,"template":"","format":"standard","meta":{"footnotes":""},"categories":[3],"tags":[],"class_list":["entry","author-","post-1130","post","type-post","status-publish","format-standard","category-zupa"],"_links":{"self":[{"href":"http:\/\/svetaobitelj.hr\/index.php?rest_route=\/wp\/v2\/posts\/1130","targetHints":{"allow":["GET"]}}],"collection":[{"href":"http:\/\/svetaobitelj.hr\/index.php?rest_route=\/wp\/v2\/posts"}],"about":[{"href":"http:\/\/svetaobitelj.hr\/index.php?rest_route=\/wp\/v2\/types\/post"}],"author":[{"embeddable":true,"href":"http:\/\/svetaobitelj.hr\/index.php?rest_route=\/wp\/v2\/users\/2"}],"replies":[{"embeddable":true,"href":"http:\/\/svetaobitelj.hr\/index.php?rest_route=%2Fwp%2Fv2%2Fcomments&post=1130"}],"version-history":[{"count":1,"href":"http:\/\/svetaobitelj.hr\/index.php?rest_route=\/wp\/v2\/posts\/1130\/revisions"}],"predecessor-version":[{"id":1131,"href":"http:\/\/svetaobitelj.hr\/index.php?rest_route=\/wp\/v2\/posts\/1130\/revisions\/1131"}],"wp:attachment":[{"href":"http:\/\/svetaobitelj.hr\/index.php?rest_route=%2Fwp%2Fv2%2Fmedia&parent=1130"}],"wp:term":[{"taxonomy":"category","embeddable":true,"href":"http:\/\/svetaobitelj.hr\/index.php?rest_route=%2Fwp%2Fv2%2Fcategories&post=1130"},{"taxonomy":"post_tag","embeddable":true,"href":"http:\/\/svetaobitelj.hr\/index.php?rest_route=%2Fwp%2Fv2%2Ftags&post=1130"}],"curies":[{"name":"wp","href":"https:\/\/api.w.org\/{rel}","templated":true}]}}