{"id":1120,"date":"2019-11-21T11:58:54","date_gmt":"2019-11-21T10:58:54","guid":{"rendered":"http:\/\/svetaobitelj.hr\/?p=1120"},"modified":"2020-01-29T21:57:19","modified_gmt":"2020-01-29T20:57:19","slug":"susret-s-majkom-jean-michela","status":"publish","type":"post","link":"http:\/\/svetaobitelj.hr\/?p=1120","title":{"rendered":"Susret s majkom Jean Michela Nicoliera"},"content":{"rendered":"\n<figure class=\"wp-block-image\"><img loading=\"lazy\" decoding=\"async\" width=\"1024\" height=\"1024\" src=\"http:\/\/svetaobitelj.hr\/wp-content\/uploads\/2019\/11\/slika-3-1024x1024.jpg\" alt=\"\" class=\"wp-image-1121\" srcset=\"http:\/\/svetaobitelj.hr\/wp-content\/uploads\/2019\/11\/slika-3-1024x1024.jpg 1024w, http:\/\/svetaobitelj.hr\/wp-content\/uploads\/2019\/11\/slika-3-150x150.jpg 150w, http:\/\/svetaobitelj.hr\/wp-content\/uploads\/2019\/11\/slika-3-300x300.jpg 300w, http:\/\/svetaobitelj.hr\/wp-content\/uploads\/2019\/11\/slika-3-768x768.jpg 768w, http:\/\/svetaobitelj.hr\/wp-content\/uploads\/2019\/11\/slika-3.jpg 1920w\" sizes=\"auto, (max-width: 1024px) 100vw, 1024px\" \/><\/figure>\n\n\n\n<p>Dani sje\u0107anja na pad Vukovara i ove godine bude u svima nama tugu, ponos i osobito molitvu za sve kojih vi\u0161e nema, a svojim su \u017eivotima i smr\u0107u utkali se u temelje na\u0161e Hrvatske. Jedna od tih \u017ertava je i Francuz, Jean Michele Nicolier \u010dija je majka bila u na\u0161oj \u017eupi na nedjeljnoj misi 17.11. te nam u\u010dinila posebnu \u010dast svojim dolaskom. Brojni \u017eupljani prilazili su joj nakon mise kako bi joj zagrljajem i stiskom ruke rekli : Merci Lyliane za va\u0161eg sina koji svojom \u017ertvom ostaje trajan spomenik na\u0161em narodu i domovini. Lyliane je kroz ove dane boravila u Osijeku i Vukovaru. Posebno je ganuta kako na\u0161 narod voli njezinog sina i osobno \u017eeli izre\u0107i i boriti se za istinu i pravdu vezano uz Domovinski obrambeni rat i europsku politiku. Brojni hodo\u010dasnici u Vukovaru zahvaljivali su joj na sinu, a ona je strpljivo, maj\u010dinskim zagrljajem pri\u0161la svakome od njih. Ministar hrvatskih branitelja Tomo Medved, gradona\u010delnik grada Vukovara Ivan Penava, voditeljica emisije Demokracija Tatjana Marki\u0107, ravnatelj Memorijalnog centra Domovinskog rata Krunoslav \u0160eremet ugostili su je i iskazali po\u0161tovanje i zahvalu. I mi smo sretni i Bogu zahvalni \u0161to nam je dao radost susreta ba\u0161 u na\u0161oj \u017eupi sa majkom hrabrosti te \u0161to je obitelj \u0160arga\u010d koji su obiteljski prijatelji s obitelji Nicolier bila doma\u0107in majke Lyliane i prijatelja.<\/p>\n\n\n\n<p>Svim na\u0161im herojima ostajemo vje\u010dno zahvalni za njihovu ogromnu \u017ertvu. Snivajte u Isusovom naru\u010dju i \u010duvajte na\u0161 Vukovar i na\u0161u domovinu Hrvatsku. Vje\u010dna vam hvala i slava,hrabri na\u0161i sokolovi!!!! <\/p>\n\n\n\n<figure class=\"wp-block-image\"><img loading=\"lazy\" decoding=\"async\" width=\"1024\" height=\"1024\" src=\"http:\/\/svetaobitelj.hr\/wp-content\/uploads\/2019\/11\/slika2-1024x1024.jpg\" alt=\"\" class=\"wp-image-1122\" srcset=\"http:\/\/svetaobitelj.hr\/wp-content\/uploads\/2019\/11\/slika2-1024x1024.jpg 1024w, http:\/\/svetaobitelj.hr\/wp-content\/uploads\/2019\/11\/slika2-150x150.jpg 150w, http:\/\/svetaobitelj.hr\/wp-content\/uploads\/2019\/11\/slika2-300x300.jpg 300w, http:\/\/svetaobitelj.hr\/wp-content\/uploads\/2019\/11\/slika2-768x768.jpg 768w, http:\/\/svetaobitelj.hr\/wp-content\/uploads\/2019\/11\/slika2.jpg 1920w\" sizes=\"auto, (max-width: 1024px) 100vw, 1024px\" \/><\/figure>\n","protected":false},"excerpt":{"rendered":"<p>Dani sje\u0107anja na pad Vukovara i ove godine bude u svima nama tugu, ponos i osobito molitvu za sve kojih vi\u0161e nema, a svojim su \u017eivotima i smr\u0107u utkali se u temelje na\u0161e Hrvatske. Jedna od tih \u017ertava je i Francuz, Jean Michele Nicolier \u010dija je majka bila u na\u0161oj \u017eupi na nedjeljnoj misi 17.11. <a href=\"http:\/\/svetaobitelj.hr\/?p=1120\" class=\"more-link\">[&hellip;]<\/a><\/p>\n","protected":false},"author":2,"featured_media":0,"comment_status":"closed","ping_status":"closed","sticky":false,"template":"","format":"standard","meta":{"footnotes":""},"categories":[3],"tags":[],"class_list":["entry","author-","post-1120","post","type-post","status-publish","format-standard","category-zupa"],"_links":{"self":[{"href":"http:\/\/svetaobitelj.hr\/index.php?rest_route=\/wp\/v2\/posts\/1120","targetHints":{"allow":["GET"]}}],"collection":[{"href":"http:\/\/svetaobitelj.hr\/index.php?rest_route=\/wp\/v2\/posts"}],"about":[{"href":"http:\/\/svetaobitelj.hr\/index.php?rest_route=\/wp\/v2\/types\/post"}],"author":[{"embeddable":true,"href":"http:\/\/svetaobitelj.hr\/index.php?rest_route=\/wp\/v2\/users\/2"}],"replies":[{"embeddable":true,"href":"http:\/\/svetaobitelj.hr\/index.php?rest_route=%2Fwp%2Fv2%2Fcomments&post=1120"}],"version-history":[{"count":2,"href":"http:\/\/svetaobitelj.hr\/index.php?rest_route=\/wp\/v2\/posts\/1120\/revisions"}],"predecessor-version":[{"id":1124,"href":"http:\/\/svetaobitelj.hr\/index.php?rest_route=\/wp\/v2\/posts\/1120\/revisions\/1124"}],"wp:attachment":[{"href":"http:\/\/svetaobitelj.hr\/index.php?rest_route=%2Fwp%2Fv2%2Fmedia&parent=1120"}],"wp:term":[{"taxonomy":"category","embeddable":true,"href":"http:\/\/svetaobitelj.hr\/index.php?rest_route=%2Fwp%2Fv2%2Fcategories&post=1120"},{"taxonomy":"post_tag","embeddable":true,"href":"http:\/\/svetaobitelj.hr\/index.php?rest_route=%2Fwp%2Fv2%2Ftags&post=1120"}],"curies":[{"name":"wp","href":"https:\/\/api.w.org\/{rel}","templated":true}]}}