{"id":1118,"date":"2019-11-16T10:44:15","date_gmt":"2019-11-16T09:44:15","guid":{"rendered":"http:\/\/svetaobitelj.hr\/?p=1118"},"modified":"2020-01-29T21:57:19","modified_gmt":"2020-01-29T20:57:19","slug":"zupne-obavijesti-33-nedjelja-kroz-godinu","status":"publish","type":"post","link":"http:\/\/svetaobitelj.hr\/?p=1118","title":{"rendered":"\u017dupne obavijesti: 33. nedjelja kroz godinu"},"content":{"rendered":"\n<ul class=\"wp-block-list\"><li><strong>Danas slavimo trideset i tre\u0107u nedjelju kroz godinu. U na\u0161oj je Nadbiskupiji \u00a0<em>Nedjelja bra\u010dnih jubileja<\/em> u svim \u017eupnim zajednicama.<\/strong><\/li><\/ul>\n\n\n\n<ul class=\"wp-block-list\"><li><strong>Sutra je godi\u0161njica pada grada\nVukovara i obilje\u017eavanje Dana sje\u0107anja na \u017ertvu Vukovara. U na\u0161oj je\nNadbiskupiji Spomen-hodo\u010da\u0161\u0107e u Vukovar. Program sje\u0107anja: u 10 sati u krugu\nvukovarske bolnice zapo\u010dinje slu\u017ebeni program; u 10:30 polazi &#8220;Kolona\nsje\u0107anja&#8221; prema Memorijalnom groblju; u 12:15 molitva i polaganje vijenaca\nkod Sredi\u0161njeg kri\u017ea na Memorijalnom groblju; u 13:00 sati zapo\u010dinje\neuharistijsko slavlje koje predvodi mons. dr. Ratko Peri\u0107, biskup\nmostarsko-duvanjski. U 18:11 sati zvonit \u0107e sva zvona u Hrvatskoj u spomen na\nsve poginule branitelje i civilne \u017ertve Domovinskoga rata. U na\u0161oj \u017eupnoj crkvi\nnema jutarnje svete mise, a biblijski sat je nakon ve\u010dernje svete mise.<\/strong><\/li><\/ul>\n\n\n\n<ul class=\"wp-block-list\"><li><strong>Od 12. do 23. studenoga u na\u0161oj\n\u017eupi skupljamo higijenske potrep\u0161tine za korisnike Pu\u010dke kuhinje u Osijeku.\nSvoje darove mo\u017eete donijeti u \u017eupni ured u uredovno vrijeme.<\/strong><\/li><\/ul>\n\n\n\n<ul class=\"wp-block-list\"><li><strong>U srijedu \u0107emo pod ve\u010dernjom\nsvetom misom moliti za poginule hrvatske branitelje iz na\u0161e \u017eupe \u010dija su imena\ni prezimena na plo\u010di pri izlazu iz crkve. Nakon te mise bit \u0107e susret s roditeljima\novogodi\u0161njih kandidata za primanje sakramenata ispovijedi, pri\u010desti i potvrde\n(tre\u0107i razredi osnovnih \u0161kola i drugi razredi srednjih \u0161kola).<\/strong><\/li><\/ul>\n\n\n\n<ul class=\"wp-block-list\"><li><strong>U \u010detvrtak je nakon ve\u010dernje\nsvete mise u na\u0161oj crkvi klanjanje pred Presvetim, a u Vikarijatu je \u201eSocijalni\n\u010detvrtak\u201c u 19:30 sati.<\/strong><\/li><\/ul>\n\n\n\n<ul class=\"wp-block-list\"><li><strong>U petak slavimo svetu Ceciliju,\nza\u0161titnicu crkvene glazbe i pjeva\u010da, \u0161to \u0107emo sve\u010danije proslaviti pod\nve\u010dernjom svetom misom.<\/strong><\/li><\/ul>\n\n\n\n<ul class=\"wp-block-list\"><li><strong>Sljede\u0107e nedjelje slavimo\nNedjelju Isusa Krista Kralja svega stvorenja ili 34. nedjelju kroz godinu koja\nje i posljednja nedjelja u crkvenoj ili liturgijskoj godini. Volonteri na\u0161ega\n\u017eupnog Caritasa imat \u0107e nakon prijepodnevnih svetih misa prigodnu prodajnu\nakciju.<\/strong><\/li><\/ul>\n\n\n\n<ul class=\"wp-block-list\"><li><strong>Devetnica Gospi Osje\u010dkoj u\nfranjeva\u010dkoj crkvi u Tvr\u0111i zapo\u010dinje u petak, 29. studenoga ove godine. Svaku\nve\u010der devetnice hodo\u010dasti pojedina \u017eupa. Na\u0161a \u017eupa hodo\u010dasti u nedjelju, 1.\nprosinca. Molitva krunice je u 17:30, a sveta misa u 18:00 sati.<\/strong><\/li><\/ul>\n\n\n\n<ul class=\"wp-block-list\"><li><strong>Kupujte i \u010ditajte vjerski katoli\u010dki\ntisak. U sakristiji i \u017eupnom uredu mo\u017eete kupiti kalendare za sljede\u0107u godinu.<\/strong><\/li><\/ul>\n","protected":false},"excerpt":{"rendered":"<p>Danas slavimo trideset i tre\u0107u nedjelju kroz godinu. U na\u0161oj je Nadbiskupiji \u00a0Nedjelja bra\u010dnih jubileja u svim \u017eupnim zajednicama. Sutra je godi\u0161njica pada grada Vukovara i obilje\u017eavanje Dana sje\u0107anja na \u017ertvu Vukovara. U na\u0161oj je Nadbiskupiji Spomen-hodo\u010da\u0161\u0107e u Vukovar. Program sje\u0107anja: u 10 sati u krugu vukovarske bolnice zapo\u010dinje slu\u017ebeni program; u 10:30 polazi &#8220;Kolona <a href=\"http:\/\/svetaobitelj.hr\/?p=1118\" class=\"more-link\">[&hellip;]<\/a><\/p>\n","protected":false},"author":2,"featured_media":0,"comment_status":"closed","ping_status":"closed","sticky":false,"template":"","format":"standard","meta":{"footnotes":""},"categories":[3],"tags":[],"class_list":["entry","author-","post-1118","post","type-post","status-publish","format-standard","category-zupa"],"_links":{"self":[{"href":"http:\/\/svetaobitelj.hr\/index.php?rest_route=\/wp\/v2\/posts\/1118","targetHints":{"allow":["GET"]}}],"collection":[{"href":"http:\/\/svetaobitelj.hr\/index.php?rest_route=\/wp\/v2\/posts"}],"about":[{"href":"http:\/\/svetaobitelj.hr\/index.php?rest_route=\/wp\/v2\/types\/post"}],"author":[{"embeddable":true,"href":"http:\/\/svetaobitelj.hr\/index.php?rest_route=\/wp\/v2\/users\/2"}],"replies":[{"embeddable":true,"href":"http:\/\/svetaobitelj.hr\/index.php?rest_route=%2Fwp%2Fv2%2Fcomments&post=1118"}],"version-history":[{"count":1,"href":"http:\/\/svetaobitelj.hr\/index.php?rest_route=\/wp\/v2\/posts\/1118\/revisions"}],"predecessor-version":[{"id":1119,"href":"http:\/\/svetaobitelj.hr\/index.php?rest_route=\/wp\/v2\/posts\/1118\/revisions\/1119"}],"wp:attachment":[{"href":"http:\/\/svetaobitelj.hr\/index.php?rest_route=%2Fwp%2Fv2%2Fmedia&parent=1118"}],"wp:term":[{"taxonomy":"category","embeddable":true,"href":"http:\/\/svetaobitelj.hr\/index.php?rest_route=%2Fwp%2Fv2%2Fcategories&post=1118"},{"taxonomy":"post_tag","embeddable":true,"href":"http:\/\/svetaobitelj.hr\/index.php?rest_route=%2Fwp%2Fv2%2Ftags&post=1118"}],"curies":[{"name":"wp","href":"https:\/\/api.w.org\/{rel}","templated":true}]}}