{"id":1111,"date":"2019-11-07T11:16:24","date_gmt":"2019-11-07T10:16:24","guid":{"rendered":"http:\/\/svetaobitelj.hr\/?p=1111"},"modified":"2020-01-29T21:57:19","modified_gmt":"2020-01-29T20:57:19","slug":"zupne-obavijesti-32-nedjelja-kroz-godinu-2","status":"publish","type":"post","link":"http:\/\/svetaobitelj.hr\/?p=1111","title":{"rendered":"\u017dupne obavijesti: 32. nedjelja kroz godinu"},"content":{"rendered":"\n<ul class=\"wp-block-list\"><li><strong>Danas slavimo trideset i drugu nedjelju kroz godinu. Redoviti mjese\u010dni susret Mjesnoga bratstva OFS-a je u 16:30 sati.<\/strong><\/li><\/ul>\n\n\n\n<ul class=\"wp-block-list\"><li><strong>Sutra ne\u0107e biti biblijskoga sata nakon\nve\u010dernje svete mise, a u Vikarijatu je Biblijsko-molitvena ve\u010der pod vodstvom vl\u010d.\nKre\u0161imira Bulata s po\u010detkom u 19:30 sati.<\/strong><\/li><\/ul>\n\n\n\n<ul class=\"wp-block-list\"><li><strong>Od 12. do 23. studenoga u na\u0161oj\n\u017eupi skupljat \u0107emo higijenske potrep\u0161tine za korisnike Pu\u010dke kuhinje u Osijeku.\nSvoje darove mo\u017eete donijeti u \u017eupni ured u uredovno vrijeme.<\/strong><\/li><\/ul>\n\n\n\n<ul class=\"wp-block-list\"><li><strong>U srijedu je nakon ve\u010dernje svete\nmise susret \u010dlanova udruge Vojske Bezgre\u0161ne.<\/strong><\/li><\/ul>\n\n\n\n<ul class=\"wp-block-list\"><li><strong>U \u010detvrtak je nakon ve\u010dernje\nsvete mise klanjanje pred Presvetim.<\/strong><\/li><\/ul>\n\n\n\n<ul class=\"wp-block-list\"><li><strong>U subotu \u0107e biti Dekanatski\nsusret bra\u010dnih parova Osje\u010dkog isto\u010dnog i zapadnog dekanata. Susret zapo\u010dinje u\n19:00 sati u kapeli sv. Roka u Strossmayerovoj ulici, a nastavlja se\npredavanjem na temu <em>Brak \u2013 od \u201eja\u201c do\n\u201emi\u201c<\/em> koje \u0107e odr\u017eati psihologinja Lea Buljevi\u0107, prof., u prostorijama\nVikarijata. <\/strong><\/li><\/ul>\n\n\n\n<ul class=\"wp-block-list\"><li><strong>Sljede\u0107e nedjelje slavimo trideset\ni tre\u0107u nedjelju kroz godinu. U na\u0161oj je Nadbiskupiji &nbsp;<em>Nedjelja\nbra\u010dnih jubileja<\/em> u svim \u017eupnim zajednicama. <\/strong><\/li><\/ul>\n\n\n\n<ul class=\"wp-block-list\"><li><strong>U ponedjeljak, 18. studenoga, godi\u0161njica\nje pada grada Vukovara i obilje\u017eavanje Dana sje\u0107anja na \u017ertvu Vukovara. U na\u0161oj\nje Nadbiskupiji Spomen-hodo\u010da\u0161\u0107e u Vukovar. Program sje\u0107anja: u 10 sati u krugu\nvukovarske bolnice zapo\u010dinje slu\u017ebeni program; u 10:30 polazi &#8220;Kolona\nsje\u0107anja&#8221; prema Memorijalnom groblju; u 12:15 molitva i polaganje vijenaca\nkod Sredi\u0161njeg kri\u017ea na Memorijalnom groblju; u 13:00 sati zapo\u010dinje\neuharistijsko slavlje koje predvodi mons. dr. Ratko Peri\u0107, biskup\nmostarsko-duvanjski. Toga dana \u0107e u 18:11 sati zvoniti sva zvona u Hrvatskoj u\nspomen na sve poginule branitelje i civilne \u017ertve Domovinskoga rata. U na\u0161oj\n\u017eupnoj crkvi ne\u0107e biti jutarnje svete mise.<\/strong><\/li><\/ul>\n\n\n\n<ul class=\"wp-block-list\"><li><strong>Kupujte i \u010ditajte katoli\u010dki\ntisak. U sakristiji i \u017eupnom uredu mo\u017eete kupiti kalendare za sljede\u0107u godinu.<\/strong><\/li><\/ul>\n","protected":false},"excerpt":{"rendered":"<p>Danas slavimo trideset i drugu nedjelju kroz godinu. Redoviti mjese\u010dni susret Mjesnoga bratstva OFS-a je u 16:30 sati. Sutra ne\u0107e biti biblijskoga sata nakon ve\u010dernje svete mise, a u Vikarijatu je Biblijsko-molitvena ve\u010der pod vodstvom vl\u010d. Kre\u0161imira Bulata s po\u010detkom u 19:30 sati. Od 12. do 23. studenoga u na\u0161oj \u017eupi skupljat \u0107emo higijenske potrep\u0161tine <a href=\"http:\/\/svetaobitelj.hr\/?p=1111\" class=\"more-link\">[&hellip;]<\/a><\/p>\n","protected":false},"author":2,"featured_media":0,"comment_status":"closed","ping_status":"closed","sticky":false,"template":"","format":"standard","meta":{"footnotes":""},"categories":[3],"tags":[],"class_list":["entry","author-","post-1111","post","type-post","status-publish","format-standard","category-zupa"],"_links":{"self":[{"href":"http:\/\/svetaobitelj.hr\/index.php?rest_route=\/wp\/v2\/posts\/1111","targetHints":{"allow":["GET"]}}],"collection":[{"href":"http:\/\/svetaobitelj.hr\/index.php?rest_route=\/wp\/v2\/posts"}],"about":[{"href":"http:\/\/svetaobitelj.hr\/index.php?rest_route=\/wp\/v2\/types\/post"}],"author":[{"embeddable":true,"href":"http:\/\/svetaobitelj.hr\/index.php?rest_route=\/wp\/v2\/users\/2"}],"replies":[{"embeddable":true,"href":"http:\/\/svetaobitelj.hr\/index.php?rest_route=%2Fwp%2Fv2%2Fcomments&post=1111"}],"version-history":[{"count":1,"href":"http:\/\/svetaobitelj.hr\/index.php?rest_route=\/wp\/v2\/posts\/1111\/revisions"}],"predecessor-version":[{"id":1112,"href":"http:\/\/svetaobitelj.hr\/index.php?rest_route=\/wp\/v2\/posts\/1111\/revisions\/1112"}],"wp:attachment":[{"href":"http:\/\/svetaobitelj.hr\/index.php?rest_route=%2Fwp%2Fv2%2Fmedia&parent=1111"}],"wp:term":[{"taxonomy":"category","embeddable":true,"href":"http:\/\/svetaobitelj.hr\/index.php?rest_route=%2Fwp%2Fv2%2Fcategories&post=1111"},{"taxonomy":"post_tag","embeddable":true,"href":"http:\/\/svetaobitelj.hr\/index.php?rest_route=%2Fwp%2Fv2%2Ftags&post=1111"}],"curies":[{"name":"wp","href":"https:\/\/api.w.org\/{rel}","templated":true}]}}