{"id":1091,"date":"2019-11-03T21:29:51","date_gmt":"2019-11-03T20:29:51","guid":{"rendered":"http:\/\/svetaobitelj.hr\/?p=1091"},"modified":"2020-01-29T21:57:19","modified_gmt":"2020-01-29T20:57:19","slug":"svijece-i-molitva-za-pokojne","status":"publish","type":"post","link":"http:\/\/svetaobitelj.hr\/?p=1091","title":{"rendered":"Svije\u0107e i molitva za pokojne&#8230;"},"content":{"rendered":"<p>\u00a0<\/p>\n<p>\u00a0<\/p>\n\n\n<figure class=\"wp-block-image\"><img loading=\"lazy\" decoding=\"async\" width=\"1024\" height=\"472\" src=\"http:\/\/svetaobitelj.hr\/wp-content\/uploads\/2019\/11\/s-1-1024x472.jpg\" alt=\"\" class=\"wp-image-1093\" srcset=\"http:\/\/svetaobitelj.hr\/wp-content\/uploads\/2019\/11\/s-1-1024x472.jpg 1024w, http:\/\/svetaobitelj.hr\/wp-content\/uploads\/2019\/11\/s-1-300x138.jpg 300w, http:\/\/svetaobitelj.hr\/wp-content\/uploads\/2019\/11\/s-1-768x354.jpg 768w, http:\/\/svetaobitelj.hr\/wp-content\/uploads\/2019\/11\/s-1.jpg 1600w\" sizes=\"auto, (max-width: 1024px) 100vw, 1024px\" \/><\/figure>\n\n\n\n<p>Ve\u010der uo\u010di Du\u0161nog dana, predstavnici na\u0161e \u017eupe: Igor Rado\u0161, predsjednik Frame i Tatjana \u0160arga\u010d, \u017eupna vije\u0107nica, posjetili su Novogradsko groblje te zapalili svije\u0107u i pomolili se za sve pokojne iz na\u0161e \u017eupe. Tako\u0111er su posjetili i zid na kojem je natpis &#8220;Osijek &#8211; nepokoreni grad&#8221; gdje su zapalili svije\u0107u i pomolili se za sve poginule, nestale i umrle hrvatske branitelje koji su dali \u017eivot za na\u0161u domovinu Hrvatsku.<\/p>\n\n\n\n<figure class=\"wp-block-image\"><img loading=\"lazy\" decoding=\"async\" width=\"1024\" height=\"415\" src=\"http:\/\/svetaobitelj.hr\/wp-content\/uploads\/2019\/11\/s1-1024x415.jpg\" alt=\"\" class=\"wp-image-1094\" srcset=\"http:\/\/svetaobitelj.hr\/wp-content\/uploads\/2019\/11\/s1-1024x415.jpg 1024w, http:\/\/svetaobitelj.hr\/wp-content\/uploads\/2019\/11\/s1-300x122.jpg 300w, http:\/\/svetaobitelj.hr\/wp-content\/uploads\/2019\/11\/s1-768x312.jpg 768w, http:\/\/svetaobitelj.hr\/wp-content\/uploads\/2019\/11\/s1.jpg 1600w\" sizes=\"auto, (max-width: 1024px) 100vw, 1024px\" \/><\/figure>\n","protected":false},"excerpt":{"rendered":"<p>\u00a0 \u00a0 Ve\u010der uo\u010di Du\u0161nog dana, predstavnici na\u0161e \u017eupe: Igor Rado\u0161, predsjednik Frame i Tatjana \u0160arga\u010d, \u017eupna vije\u0107nica, posjetili su Novogradsko groblje te zapalili svije\u0107u i pomolili se za sve pokojne iz na\u0161e \u017eupe. Tako\u0111er su posjetili i zid na kojem je natpis &#8220;Osijek &#8211; nepokoreni grad&#8221; gdje su zapalili svije\u0107u i pomolili se za <a href=\"http:\/\/svetaobitelj.hr\/?p=1091\" class=\"more-link\">[&hellip;]<\/a><\/p>\n","protected":false},"author":2,"featured_media":0,"comment_status":"closed","ping_status":"closed","sticky":false,"template":"","format":"standard","meta":{"footnotes":""},"categories":[3],"tags":[],"class_list":["entry","author-","post-1091","post","type-post","status-publish","format-standard","category-zupa"],"_links":{"self":[{"href":"http:\/\/svetaobitelj.hr\/index.php?rest_route=\/wp\/v2\/posts\/1091","targetHints":{"allow":["GET"]}}],"collection":[{"href":"http:\/\/svetaobitelj.hr\/index.php?rest_route=\/wp\/v2\/posts"}],"about":[{"href":"http:\/\/svetaobitelj.hr\/index.php?rest_route=\/wp\/v2\/types\/post"}],"author":[{"embeddable":true,"href":"http:\/\/svetaobitelj.hr\/index.php?rest_route=\/wp\/v2\/users\/2"}],"replies":[{"embeddable":true,"href":"http:\/\/svetaobitelj.hr\/index.php?rest_route=%2Fwp%2Fv2%2Fcomments&post=1091"}],"version-history":[{"count":1,"href":"http:\/\/svetaobitelj.hr\/index.php?rest_route=\/wp\/v2\/posts\/1091\/revisions"}],"predecessor-version":[{"id":1095,"href":"http:\/\/svetaobitelj.hr\/index.php?rest_route=\/wp\/v2\/posts\/1091\/revisions\/1095"}],"wp:attachment":[{"href":"http:\/\/svetaobitelj.hr\/index.php?rest_route=%2Fwp%2Fv2%2Fmedia&parent=1091"}],"wp:term":[{"taxonomy":"category","embeddable":true,"href":"http:\/\/svetaobitelj.hr\/index.php?rest_route=%2Fwp%2Fv2%2Fcategories&post=1091"},{"taxonomy":"post_tag","embeddable":true,"href":"http:\/\/svetaobitelj.hr\/index.php?rest_route=%2Fwp%2Fv2%2Ftags&post=1091"}],"curies":[{"name":"wp","href":"https:\/\/api.w.org\/{rel}","templated":true}]}}