{"id":1083,"date":"2019-11-03T13:00:24","date_gmt":"2019-11-03T12:00:24","guid":{"rendered":"http:\/\/svetaobitelj.hr\/?p=1083"},"modified":"2020-01-29T21:57:19","modified_gmt":"2020-01-29T20:57:19","slug":"zupne-obavijesti-31-nedjelja-kroz-godinu-2","status":"publish","type":"post","link":"http:\/\/svetaobitelj.hr\/?p=1083","title":{"rendered":"\u017dupne obavijesti: 31. nedjelja kroz godinu"},"content":{"rendered":"\n<ul class=\"wp-block-list\"><li> Danas slavimo trideset i prvu nedjelju kroz godinu. Prva je nedjelja u  mjesecu kada se svojim molitvama i nov\u010danim prilozima sje\u0107amo na\u0161ih  odgojnih ustanova, sjemeni\u0161ta, te molimo za duhovna zvanja. Na ve\u010dernjoj  svetoj misi sudjelovat \u0107e na\u0161 generalni vizitator fra Domagoj Runje koji je u  ime generalnog ministra u vizitaciji na\u0161oj Hrvatskoj franjeva\u010dkoj provinciji  sv. \u0106irila i Metoda. <\/li><li>Sutra je biblijski sat nakon ve\u010dernje svete mise, a u Vikarijatu je Biblijska tribina pod vodstvom prof. dr. Ivice \u010cati\u0107a s po\u010detkom u 19:30 sati.<\/li><li> U \u010detvrtak je nakon ve\u010dernje svete mise klanjanje pred Presvetim. <\/li><li> U subotu je u \u0110akovu Seminar za \u010dita\u010de, voditelje i \u010dlanove biblijskih  skupina u prostorijama KBF-a. Seminar zapo\u010dinje u 9:00 sati. U na\u0161oj  \u017eupnoj crkvi u subotu je u 18:15 pobo\u017enost na \u010dast bl. Mariji od Propetoga  Petkovi\u0107. <\/li><li> Sljede\u0107e nedjelje slavimo trideset i drugu nedjelju kroz godinu. Redoviti mjese\u010dni susret Mjesnoga bratstva OFS-a bit \u0107e u 16:30 sati. <\/li><li> U ponedjeljak, 18. studenoga, godi\u0161njica je pada grada Vukovara i  obilje\u017eavanje Dana sje\u0107anja na \u017ertvu Vukovara. U na\u0161oj je Nadbiskupiji  Spomen-hodo\u010da\u0161\u0107e u Vukovar. Program sje\u0107anja: u 10 sati u krugu  vukovarske bolnice zapo\u010dinje slu\u017ebeni program; u 10:30 polazi &#8220;Kolona  sje\u0107anja&#8221; prema Memorijalnom groblju; u 12:15 molitva i polaganje  vijenaca kod Sredi\u0161njeg kri\u017ea na Memorijalnom groblju; u 13:00 sati  zapo\u010dinje euharistijsko slavlje koje predvodi mons. dr. Ratko Peri\u0107, biskup  mostarsko-duvanjski. Toga dana \u0107e u 18:11 sati zvoniti sva zvona u  Hrvatskoj u spomen na sve poginule branitelje i civilne \u017ertve Domovinskoga rata. <\/li><li> U na\u0161oj je Nadbiskupiji na 33. nedjelju kroz godinu Nedjelja bra\u010dnih  jubileja u svim \u017eupnim zajednicama. Osobito ste pozvani koji slavite 25, 50 i 60 godina bra\u010dno-obiteljskog \u017eivota ili neku drugu okruglu godi\u0161njicu da se javite u \u017eupni ured do ovoga \u010detvrtka kako bi se zajedni\u010dki pripremili za to slavlje koje \u0107e biti pod svetom misom u 9:00 sati. <\/li><li> Zbog zastarjelosti i kvarova sistema grijanja na\u0161e crkve i samostana,  zapo\u010det \u0107emo s obnovom. Na prijedlog pojedinih \u010dlanova na\u0161ih \u017eupnih vije\u0107a obra\u0107amo se vama, po\u0161tovani \u017eupljani, da nam svojim nov\u010danim prilozima pomognete. Zahvaljujemo se na va\u0161oj dobroti. <\/li><li> Kupujte i \u010ditajte katoli\u010dki tisak. U sakristiji i \u017eupnom uredu mo\u017eete kupiti kalendare za sljede\u0107u godinu. <\/li><\/ul>\n","protected":false},"excerpt":{"rendered":"<p>Danas slavimo trideset i prvu nedjelju kroz godinu. Prva je nedjelja u mjesecu kada se svojim molitvama i nov\u010danim prilozima sje\u0107amo na\u0161ih odgojnih ustanova, sjemeni\u0161ta, te molimo za duhovna zvanja. Na ve\u010dernjoj svetoj misi sudjelovat \u0107e na\u0161 generalni vizitator fra Domagoj Runje koji je u ime generalnog ministra u vizitaciji na\u0161oj Hrvatskoj franjeva\u010dkoj provinciji sv. <a href=\"http:\/\/svetaobitelj.hr\/?p=1083\" class=\"more-link\">[&hellip;]<\/a><\/p>\n","protected":false},"author":2,"featured_media":0,"comment_status":"closed","ping_status":"closed","sticky":false,"template":"","format":"standard","meta":{"footnotes":""},"categories":[3],"tags":[],"class_list":["entry","author-","post-1083","post","type-post","status-publish","format-standard","category-zupa"],"_links":{"self":[{"href":"http:\/\/svetaobitelj.hr\/index.php?rest_route=\/wp\/v2\/posts\/1083","targetHints":{"allow":["GET"]}}],"collection":[{"href":"http:\/\/svetaobitelj.hr\/index.php?rest_route=\/wp\/v2\/posts"}],"about":[{"href":"http:\/\/svetaobitelj.hr\/index.php?rest_route=\/wp\/v2\/types\/post"}],"author":[{"embeddable":true,"href":"http:\/\/svetaobitelj.hr\/index.php?rest_route=\/wp\/v2\/users\/2"}],"replies":[{"embeddable":true,"href":"http:\/\/svetaobitelj.hr\/index.php?rest_route=%2Fwp%2Fv2%2Fcomments&post=1083"}],"version-history":[{"count":5,"href":"http:\/\/svetaobitelj.hr\/index.php?rest_route=\/wp\/v2\/posts\/1083\/revisions"}],"predecessor-version":[{"id":1089,"href":"http:\/\/svetaobitelj.hr\/index.php?rest_route=\/wp\/v2\/posts\/1083\/revisions\/1089"}],"wp:attachment":[{"href":"http:\/\/svetaobitelj.hr\/index.php?rest_route=%2Fwp%2Fv2%2Fmedia&parent=1083"}],"wp:term":[{"taxonomy":"category","embeddable":true,"href":"http:\/\/svetaobitelj.hr\/index.php?rest_route=%2Fwp%2Fv2%2Fcategories&post=1083"},{"taxonomy":"post_tag","embeddable":true,"href":"http:\/\/svetaobitelj.hr\/index.php?rest_route=%2Fwp%2Fv2%2Ftags&post=1083"}],"curies":[{"name":"wp","href":"https:\/\/api.w.org\/{rel}","templated":true}]}}