{"id":1070,"date":"2019-10-25T09:18:35","date_gmt":"2019-10-25T08:18:35","guid":{"rendered":"http:\/\/svetaobitelj.hr\/?p=1070"},"modified":"2020-01-29T21:57:20","modified_gmt":"2020-01-29T20:57:20","slug":"zupne-obavijesti-30-nedjelja-kroz-godinu-2","status":"publish","type":"post","link":"http:\/\/svetaobitelj.hr\/?p=1070","title":{"rendered":"\u017dupne obavijesti: 30. nedjelja kroz godinu"},"content":{"rendered":"\n<ul class=\"wp-block-list\"><li><strong>Danas slavimo tridesetu nedjelju kroz godinu. Bogu smo zahvalni za svakoga tko je na bilo koji na\u010din sudjelovao tijekom izvanrednoga misijskog mjeseca listopada za pomo\u0107 misija i misionara diljem svijeta. Svoje nov\u010dane priloge za potrebe misija mo\u017eete jo\u0161 danas dati u \u0161krabicu ispred oltara.<\/strong><\/li><\/ul>\n\n\n\n<ul class=\"wp-block-list\"><li><strong>Sutra je biblijski sat nakon\nve\u010dernje svete mise, a u Vikarijatu je biblijska tribina koju vodi prof. dr.\nIvica \u010cati\u0107 s po\u010detkom u 19:30 sati.<\/strong><\/li><\/ul>\n\n\n\n<ul class=\"wp-block-list\"><li><strong>U utorak je nakon ve\u010dernje svete\nmise sastanak volontera Caritasa na\u0161e \u017dupe.<\/strong><\/li><\/ul>\n\n\n\n<ul class=\"wp-block-list\"><li><strong>U srijedu ne\u0107emo uredovati u\n\u017eupnom uredu prije podne.<\/strong><\/li><\/ul>\n\n\n\n<ul class=\"wp-block-list\"><li><strong>U \u010detvrtak \u0107e nakon ve\u010dernje\nsvete mise svoj susret imati \u010dlanovi udruge Sv. Vinko Paulski.<\/strong><\/li><\/ul>\n\n\n\n<ul class=\"wp-block-list\"><li><strong>U petak slavimo zapovijedani\nblagdan Svi sveti. Svete mise su u 7:00, 9:00, 11:00 i 18:30 sati. U 18:00 sati\nbit \u0107e pobo\u017enost na \u010dast Srcu Isusovom budu\u0107i da je prvi petak u mjesecu.<\/strong><\/li><\/ul>\n\n\n\n<ul class=\"wp-block-list\"><li><strong>U subotu slavimo Du\u0161ni dan. Svete\nmise su u 7:30 i 18:30 sati. Nakon ve\u010dernje svete mise bit \u0107e klanjanje pred\nPresvetim kada molimo za duhovna zvanja, budu\u0107i da je prva subota u mjesecu.<\/strong><\/li><\/ul>\n\n\n\n<ul class=\"wp-block-list\"><li><strong>Sljede\u0107e nedjelje slavimo\ntrideset i prvu nedjelju kroz godinu. Prva je nedjelja u mjesecu kada \u0107emo se\nsvojim molitvama i nov\u010danim prilozima sje\u0107ati na\u0161ih odgojnih ustanova, sjemeni\u0161ta,\nte moliti za duhovna zvanja. Pod jutarnjom svetom misom molit \u0107emo za\ndobro\u010dinitelje ove na\u0161e crkve i samostana. Na ve\u010dernjoj svetoj misi sudjelovat\n\u0107e na\u0161 generalni vizitator fra Domagoj Runje koji je u ime generalnog ministra\nu vizitaciji na\u0161oj Hrvatskoj franjeva\u010dkoj provinciji sv. \u0106irila i Metoda.<\/strong><\/li><\/ul>\n\n\n\n<ul class=\"wp-block-list\"><li><strong>Zbog zastarjelosti i sve ve\u0107ih\nkvarova sistema grijanja na\u0161e crkve i samostana, zapo\u010det \u0107emo s obnovom. Na\nprijedlog pojedinih \u010dlanova na\u0161ih \u017eupnih vije\u0107a obra\u0107amo se vama, po\u0161tovani\n\u017eupljani, da nam svojim nov\u010danim prilozima pomognete. Zahvaljujemo se na va\u0161oj\ndobroti.<\/strong><\/li><\/ul>\n\n\n\n<ol class=\"wp-block-list\"><li><strong>Kupujte i \u010ditajte katoli\u010dki\ntisak.<\/strong><\/li><\/ol>\n","protected":false},"excerpt":{"rendered":"<p>Danas slavimo tridesetu nedjelju kroz godinu. Bogu smo zahvalni za svakoga tko je na bilo koji na\u010din sudjelovao tijekom izvanrednoga misijskog mjeseca listopada za pomo\u0107 misija i misionara diljem svijeta. Svoje nov\u010dane priloge za potrebe misija mo\u017eete jo\u0161 danas dati u \u0161krabicu ispred oltara. Sutra je biblijski sat nakon ve\u010dernje svete mise, a u Vikarijatu <a href=\"http:\/\/svetaobitelj.hr\/?p=1070\" class=\"more-link\">[&hellip;]<\/a><\/p>\n","protected":false},"author":2,"featured_media":0,"comment_status":"closed","ping_status":"closed","sticky":false,"template":"","format":"standard","meta":{"footnotes":""},"categories":[3],"tags":[],"class_list":["entry","author-","post-1070","post","type-post","status-publish","format-standard","category-zupa"],"_links":{"self":[{"href":"http:\/\/svetaobitelj.hr\/index.php?rest_route=\/wp\/v2\/posts\/1070","targetHints":{"allow":["GET"]}}],"collection":[{"href":"http:\/\/svetaobitelj.hr\/index.php?rest_route=\/wp\/v2\/posts"}],"about":[{"href":"http:\/\/svetaobitelj.hr\/index.php?rest_route=\/wp\/v2\/types\/post"}],"author":[{"embeddable":true,"href":"http:\/\/svetaobitelj.hr\/index.php?rest_route=\/wp\/v2\/users\/2"}],"replies":[{"embeddable":true,"href":"http:\/\/svetaobitelj.hr\/index.php?rest_route=%2Fwp%2Fv2%2Fcomments&post=1070"}],"version-history":[{"count":1,"href":"http:\/\/svetaobitelj.hr\/index.php?rest_route=\/wp\/v2\/posts\/1070\/revisions"}],"predecessor-version":[{"id":1071,"href":"http:\/\/svetaobitelj.hr\/index.php?rest_route=\/wp\/v2\/posts\/1070\/revisions\/1071"}],"wp:attachment":[{"href":"http:\/\/svetaobitelj.hr\/index.php?rest_route=%2Fwp%2Fv2%2Fmedia&parent=1070"}],"wp:term":[{"taxonomy":"category","embeddable":true,"href":"http:\/\/svetaobitelj.hr\/index.php?rest_route=%2Fwp%2Fv2%2Fcategories&post=1070"},{"taxonomy":"post_tag","embeddable":true,"href":"http:\/\/svetaobitelj.hr\/index.php?rest_route=%2Fwp%2Fv2%2Ftags&post=1070"}],"curies":[{"name":"wp","href":"https:\/\/api.w.org\/{rel}","templated":true}]}}