{"id":1067,"date":"2019-10-20T19:03:36","date_gmt":"2019-10-20T18:03:36","guid":{"rendered":"http:\/\/svetaobitelj.hr\/?p=1067"},"modified":"2020-01-29T21:57:20","modified_gmt":"2020-01-29T20:57:20","slug":"izvanredni-misijski-mjesec-u-nasoj-zupi","status":"publish","type":"post","link":"http:\/\/svetaobitelj.hr\/?p=1067","title":{"rendered":"Izvanredni misijski mjesec u na\u0161oj \u017eupi"},"content":{"rendered":"\n<figure class=\"wp-block-image\"><img loading=\"lazy\" decoding=\"async\" width=\"1024\" height=\"1024\" src=\"https:\/\/svetaobitelj.hr\/wp-content\/uploads\/2019\/10\/slika-kolaz-1024x1024.jpg\" alt=\"\" class=\"wp-image-1068\" srcset=\"http:\/\/svetaobitelj.hr\/wp-content\/uploads\/2019\/10\/slika-kolaz-1024x1024.jpg 1024w, http:\/\/svetaobitelj.hr\/wp-content\/uploads\/2019\/10\/slika-kolaz-150x150.jpg 150w, http:\/\/svetaobitelj.hr\/wp-content\/uploads\/2019\/10\/slika-kolaz-300x300.jpg 300w, http:\/\/svetaobitelj.hr\/wp-content\/uploads\/2019\/10\/slika-kolaz-768x768.jpg 768w, http:\/\/svetaobitelj.hr\/wp-content\/uploads\/2019\/10\/slika-kolaz.jpg 1920w\" sizes=\"auto, (max-width: 1024px) 100vw, 1024px\" \/><\/figure>\n\n\n\n<p>Na poziv pape Franje, u na\u0161oj \u017eupi, \u010dlanovi misijske skupine osmislili su razna doga\u0111anja, a sve u vezi misija. Nedjelju uo\u010di izvanrednog misijskog mjeseca, u crkvi je pu\u0161tena video-poruka pape Franje o Papinskim misijskim djelima. Prve nedjelje u listopadu, pod svim svetim misama, pro\u010ditana je poruka msgr. Ivice Petanjka, predsjednika Vije\u0107a HBK-a za misije, a povodom izvanrednog misijskog mjeseca. Druge nedjelje u listopadu na kraju svake svete mise molila se molitva pape Franje, tako\u0111er za misije. U tjednu prije misijske nedjelje, pod ve\u010dernjim svetim misama bile su pro\u010ditane homilije na\u0161ih misionara iz bro\u0161ure Papinskih misijskih djela za ovu godinu. Na samu misijsku nedjelju prikazan je kratki dokumentarni film koji je pribli\u017eio \u017eupljanima samo dio te\u0161kog \u017eivota ljudi u krajevima gdje djeluju na\u0161i misionari. \u010clanovi misijske skupine osmislili su i \u0161krabicu koja je bila postavljena ispred oltara kako bi vjernici svojim nov\u010danim prilozima pokazali djelotvornu ljubav.<\/p>\n","protected":false},"excerpt":{"rendered":"<p>Na poziv pape Franje, u na\u0161oj \u017eupi, \u010dlanovi misijske skupine osmislili su razna doga\u0111anja, a sve u vezi misija. Nedjelju uo\u010di izvanrednog misijskog mjeseca, u crkvi je pu\u0161tena video-poruka pape Franje o Papinskim misijskim djelima. Prve nedjelje u listopadu, pod svim svetim misama, pro\u010ditana je poruka msgr. Ivice Petanjka, predsjednika Vije\u0107a HBK-a za misije, a <a href=\"http:\/\/svetaobitelj.hr\/?p=1067\" class=\"more-link\">[&hellip;]<\/a><\/p>\n","protected":false},"author":2,"featured_media":0,"comment_status":"closed","ping_status":"closed","sticky":false,"template":"","format":"standard","meta":{"footnotes":""},"categories":[3],"tags":[],"class_list":["entry","author-","post-1067","post","type-post","status-publish","format-standard","category-zupa"],"_links":{"self":[{"href":"http:\/\/svetaobitelj.hr\/index.php?rest_route=\/wp\/v2\/posts\/1067","targetHints":{"allow":["GET"]}}],"collection":[{"href":"http:\/\/svetaobitelj.hr\/index.php?rest_route=\/wp\/v2\/posts"}],"about":[{"href":"http:\/\/svetaobitelj.hr\/index.php?rest_route=\/wp\/v2\/types\/post"}],"author":[{"embeddable":true,"href":"http:\/\/svetaobitelj.hr\/index.php?rest_route=\/wp\/v2\/users\/2"}],"replies":[{"embeddable":true,"href":"http:\/\/svetaobitelj.hr\/index.php?rest_route=%2Fwp%2Fv2%2Fcomments&post=1067"}],"version-history":[{"count":1,"href":"http:\/\/svetaobitelj.hr\/index.php?rest_route=\/wp\/v2\/posts\/1067\/revisions"}],"predecessor-version":[{"id":1069,"href":"http:\/\/svetaobitelj.hr\/index.php?rest_route=\/wp\/v2\/posts\/1067\/revisions\/1069"}],"wp:attachment":[{"href":"http:\/\/svetaobitelj.hr\/index.php?rest_route=%2Fwp%2Fv2%2Fmedia&parent=1067"}],"wp:term":[{"taxonomy":"category","embeddable":true,"href":"http:\/\/svetaobitelj.hr\/index.php?rest_route=%2Fwp%2Fv2%2Fcategories&post=1067"},{"taxonomy":"post_tag","embeddable":true,"href":"http:\/\/svetaobitelj.hr\/index.php?rest_route=%2Fwp%2Fv2%2Ftags&post=1067"}],"curies":[{"name":"wp","href":"https:\/\/api.w.org\/{rel}","templated":true}]}}