{"id":1064,"date":"2019-10-18T10:48:47","date_gmt":"2019-10-18T09:48:47","guid":{"rendered":"http:\/\/svetaobitelj.hr\/?p=1064"},"modified":"2020-01-29T21:57:20","modified_gmt":"2020-01-29T20:57:20","slug":"posjet-franjevackih-novaka","status":"publish","type":"post","link":"http:\/\/svetaobitelj.hr\/?p=1064","title":{"rendered":"Posjet franjeva\u010dkih novaka"},"content":{"rendered":"\n<figure class=\"wp-block-image\"><img loading=\"lazy\" decoding=\"async\" width=\"1024\" height=\"1024\" src=\"http:\/\/svetaobitelj.hr\/wp-content\/uploads\/2019\/10\/slika-1-1024x1024.jpg\" alt=\"\" class=\"wp-image-1065\" srcset=\"http:\/\/svetaobitelj.hr\/wp-content\/uploads\/2019\/10\/slika-1-1024x1024.jpg 1024w, http:\/\/svetaobitelj.hr\/wp-content\/uploads\/2019\/10\/slika-1-150x150.jpg 150w, http:\/\/svetaobitelj.hr\/wp-content\/uploads\/2019\/10\/slika-1-300x300.jpg 300w, http:\/\/svetaobitelj.hr\/wp-content\/uploads\/2019\/10\/slika-1-768x768.jpg 768w, http:\/\/svetaobitelj.hr\/wp-content\/uploads\/2019\/10\/slika-1.jpg 1920w\" sizes=\"auto, (max-width: 1024px) 100vw, 1024px\" \/><\/figure>\n\n\n\n<p>Dana 15.10.2019 posjetili su nas novaci Ju\u017enoslavenske konferencije provincija zajedno sa svojim odgojiteljima. Sudjelovali su u pobo\u017enosti krunice te na ve\u010dernjoj svetoj misi pod kojom su animirali pjevanje, i ujedno predstavili svoj po\u010detni put formacije u Redu. Smijemo primjetiti da se na\u0161i \u017eupljani nisu odazvali u velikom broju, \u0161to nas \u017ealosti jer u ovim mladim ljudima \u017eelimo prepoznati budu\u0107nost Crkve, Reda kao i na\u0161ih franjeva\u010dkih provincija. Osobitu radost nam je kao i uvijek iskazao gospodin Mate koji  svojim odu\u0161evljenjem i rado\u0161\u0107u vjere i ovaj puta pokazao spremnost na molitvu kao i podr\u0161ku doga\u0111anjima u na\u0161oj \u017eupi. U \u0161ali je bilo re\u010deno da bi i on mogao biti novak usprkos lijepom broju godina&#8230;.<\/p>\n","protected":false},"excerpt":{"rendered":"<p>Dana 15.10.2019 posjetili su nas novaci Ju\u017enoslavenske konferencije provincija zajedno sa svojim odgojiteljima. Sudjelovali su u pobo\u017enosti krunice te na ve\u010dernjoj svetoj misi pod kojom su animirali pjevanje, i ujedno predstavili svoj po\u010detni put formacije u Redu. Smijemo primjetiti da se na\u0161i \u017eupljani nisu odazvali u velikom broju, \u0161to nas \u017ealosti jer u ovim mladim <a href=\"http:\/\/svetaobitelj.hr\/?p=1064\" class=\"more-link\">[&hellip;]<\/a><\/p>\n","protected":false},"author":2,"featured_media":0,"comment_status":"closed","ping_status":"closed","sticky":false,"template":"","format":"standard","meta":{"footnotes":""},"categories":[3],"tags":[],"class_list":["entry","author-","post-1064","post","type-post","status-publish","format-standard","category-zupa"],"_links":{"self":[{"href":"http:\/\/svetaobitelj.hr\/index.php?rest_route=\/wp\/v2\/posts\/1064","targetHints":{"allow":["GET"]}}],"collection":[{"href":"http:\/\/svetaobitelj.hr\/index.php?rest_route=\/wp\/v2\/posts"}],"about":[{"href":"http:\/\/svetaobitelj.hr\/index.php?rest_route=\/wp\/v2\/types\/post"}],"author":[{"embeddable":true,"href":"http:\/\/svetaobitelj.hr\/index.php?rest_route=\/wp\/v2\/users\/2"}],"replies":[{"embeddable":true,"href":"http:\/\/svetaobitelj.hr\/index.php?rest_route=%2Fwp%2Fv2%2Fcomments&post=1064"}],"version-history":[{"count":1,"href":"http:\/\/svetaobitelj.hr\/index.php?rest_route=\/wp\/v2\/posts\/1064\/revisions"}],"predecessor-version":[{"id":1066,"href":"http:\/\/svetaobitelj.hr\/index.php?rest_route=\/wp\/v2\/posts\/1064\/revisions\/1066"}],"wp:attachment":[{"href":"http:\/\/svetaobitelj.hr\/index.php?rest_route=%2Fwp%2Fv2%2Fmedia&parent=1064"}],"wp:term":[{"taxonomy":"category","embeddable":true,"href":"http:\/\/svetaobitelj.hr\/index.php?rest_route=%2Fwp%2Fv2%2Fcategories&post=1064"},{"taxonomy":"post_tag","embeddable":true,"href":"http:\/\/svetaobitelj.hr\/index.php?rest_route=%2Fwp%2Fv2%2Ftags&post=1064"}],"curies":[{"name":"wp","href":"https:\/\/api.w.org\/{rel}","templated":true}]}}