{"id":1056,"date":"2019-10-11T09:40:33","date_gmt":"2019-10-11T08:40:33","guid":{"rendered":"http:\/\/svetaobitelj.hr\/?p=1056"},"modified":"2020-01-29T21:57:20","modified_gmt":"2020-01-29T20:57:20","slug":"zupne-obavijesti-28-nedjelja-kroz-godinu-2","status":"publish","type":"post","link":"http:\/\/svetaobitelj.hr\/?p=1056","title":{"rendered":"\u017dupne obavijesti: 28. nedjelja kroz godinu"},"content":{"rendered":"\n<ul class=\"wp-block-list\"><li><strong>Danas slavimo dvadeset i osmu nedjelju kroz godinu. U tijeku je Izvanredni misijski mjesec pod geslom <em>Kr\u0161teni i poslani, Kristova Crkva u misiji u svijetu<\/em>. Na kraju svake svete mise molimo molitvu pape Franje za Izvanredni misijski mjesec. Od sutra pa do subote pod ve\u010dernjim svetim misama razmi\u0161ljat \u0107emo i moliti za misije i misionare. Pozvani smo da svojim molitvama i nov\u010danim prilozima pomognemo rad misionara u misijama diljem svijeta. Svoje nov\u010dane priloge mo\u017eete dati u kasicu ispred oltara.<\/strong><\/li><\/ul>\n\n\n\n<ul class=\"wp-block-list\"><li><strong>Sutra zapo\u010dinju \u017eupne kateheze za\ntre\u0107e razrede osnovnih \u0161kola: O\u0160 \u201eGrigor Vitez\u201c u 8:00; O\u0160 \u201eTin Ujevi\u0107\u201c u 9:00\ni to 3a i djevoj\u010dice iz 3c, a u 10:00 sati 3b i dje\u010daci iz 3c. Tako\u0111er sutra\nzapo\u010dinju kateheze za druge razrede: O\u0160 \u201eTin Ujevi\u0107\u201c u 16:00 i O\u0160 \u201eGrigor Vitez\u201c\nu 17:00 sati. Biblijski sat je nakon ve\u010dernje svete mise, a u Vikarijatu, s\npo\u010detkom u 19:30 sati, zapo\u010dinje ovogodi\u0161nji ciklus \u201eBiblijsko-molitvenih\nve\u010deri\u201c pod vodstvom vl\u010d. Kre\u0161imira Bulata.<\/strong><\/li><\/ul>\n\n\n\n<ul class=\"wp-block-list\"><li><strong>U utorak zapo\u010dinju \u017eupne kateheze\nza druge razrede srednjih \u0161kola u 9:00 i u 15:00 sati, a za 8. razrede O\u0160 \u201eGrigor\nVitez\u201c u 14,00 sati. U Vikarijatu je prvi \u201eBiblijski utorak\u201c pod vodstvom prof.\ndr. Ivice \u010cati\u0107a s po\u010detkom u 19:30 sati, a ovogodi\u0161nji katekumenat&nbsp; zapo\u010dinje u 19 sati u vjeronau\u010dnoj dvorani\n\u017eupe Sv. Mihaela u Osijeku.<\/strong><\/li><\/ul>\n\n\n\n<ul class=\"wp-block-list\"><li><strong>U srijedu zapo\u010dinju \u017eupne kateheze\nza 8. razrede O\u0160 \u201eTin Ujevi\u0107\u201c u 15,00 sati. Tako\u0111er u srijedu, pod ve\u010dernjom\nsvetom misom bit \u0107e franjeva\u010dki novaci i njihovi odgojitelji Ju\u017enoslavenske\nkonferencije provincija me\u0111u kojima su i na\u0161i novaci sa Trsata i fra Tomislav\nFaletar, njihov odgojitelj. Oni \u0107e sudjelovati i u pobo\u017enosti prije svete mise\nte se nadamo da \u0107ete kao \u017eupljani na\u0161e \u017eupe htjeti zajedni\u010dki biti u susretu i\nmolitvi s njima.<\/strong><\/li><\/ul>\n\n\n\n<ul class=\"wp-block-list\"><li><strong>U \u010detvrtak zapo\u010dinje \u017eupna\nkateheza za prve razrede srednjih \u0161kola u 9:00 i u 15:00 sati, a klanjanje pred\nPresvetim je nakon ve\u010dernje svete mise.<\/strong><\/li><\/ul>\n\n\n\n<ul class=\"wp-block-list\"><li><strong>Probe pjevanja djece su subotom u\n10:00 sati. Sljede\u0107e nedjelje slavimo dvadeset i devetu nedjelju kroz godinu. Misijska\nje nedjelja kada \u0107emo svojim molitvama i nov\u010danim prilozima pomo\u0107i djelovanje\nmisionara diljem svijeta. <\/strong><\/li><\/ul>\n\n\n\n<ul class=\"wp-block-list\"><li><strong>Novi ciklus socijalnih tribina\npod nazivom \u201eSocijalni \u010detvrtak\u201c zapo\u010det \u0107e u Vikarijatu 24. listopada u 19:30\nsati, a voditelj je mr. Igor Jakobfi. Susret osoba s invaliditetom i njihovih\nobitelji osje\u010dke regije bit \u0107e 27. listopada ove godine u dvorani Pampas,\n\u0160andora Petefija 204a, s po\u010detkom u 9:30 sati. Bogoslovno sjemeni\u0161te u \u0110akovu\norganizira vikend susrete zainteresiranim mladi\u0107ima za sve\u0107eni\u010dko zvanje.\nPozvani su mladi\u0107i, studenti, radni\u010dka mlade\u017e, stariji ministranti i\nsrednjo\u0161kolci.<\/strong><\/li><\/ul>\n\n\n\n<ul class=\"wp-block-list\"><li><strong>Zbog zastarjelosti i sve ve\u0107ih\nkvarova sistema grijanja na\u0161e crkve i samostana, zapo\u010det \u0107emo s obnovom. Na\nprijedlog pojedinih \u010dlanova na\u0161ih \u017eupnih vije\u0107a obra\u0107amo se vama, po\u0161tovani\n\u017eupljani, da nam svojim nov\u010danim prilozima pomognete. Zahvaljujemo se na va\u0161oj\ndobroti.<\/strong><\/li><\/ul>\n\n\n\n<ul class=\"wp-block-list\"><li><strong>Kupujte i \u010ditajte katoli\u010dki\ntisak.<\/strong><\/li><\/ul>\n","protected":false},"excerpt":{"rendered":"<p>Danas slavimo dvadeset i osmu nedjelju kroz godinu. U tijeku je Izvanredni misijski mjesec pod geslom Kr\u0161teni i poslani, Kristova Crkva u misiji u svijetu. Na kraju svake svete mise molimo molitvu pape Franje za Izvanredni misijski mjesec. Od sutra pa do subote pod ve\u010dernjim svetim misama razmi\u0161ljat \u0107emo i moliti za misije i misionare. <a href=\"http:\/\/svetaobitelj.hr\/?p=1056\" class=\"more-link\">[&hellip;]<\/a><\/p>\n","protected":false},"author":2,"featured_media":0,"comment_status":"closed","ping_status":"closed","sticky":false,"template":"","format":"standard","meta":{"footnotes":""},"categories":[3],"tags":[],"class_list":["entry","author-","post-1056","post","type-post","status-publish","format-standard","category-zupa"],"_links":{"self":[{"href":"http:\/\/svetaobitelj.hr\/index.php?rest_route=\/wp\/v2\/posts\/1056","targetHints":{"allow":["GET"]}}],"collection":[{"href":"http:\/\/svetaobitelj.hr\/index.php?rest_route=\/wp\/v2\/posts"}],"about":[{"href":"http:\/\/svetaobitelj.hr\/index.php?rest_route=\/wp\/v2\/types\/post"}],"author":[{"embeddable":true,"href":"http:\/\/svetaobitelj.hr\/index.php?rest_route=\/wp\/v2\/users\/2"}],"replies":[{"embeddable":true,"href":"http:\/\/svetaobitelj.hr\/index.php?rest_route=%2Fwp%2Fv2%2Fcomments&post=1056"}],"version-history":[{"count":1,"href":"http:\/\/svetaobitelj.hr\/index.php?rest_route=\/wp\/v2\/posts\/1056\/revisions"}],"predecessor-version":[{"id":1057,"href":"http:\/\/svetaobitelj.hr\/index.php?rest_route=\/wp\/v2\/posts\/1056\/revisions\/1057"}],"wp:attachment":[{"href":"http:\/\/svetaobitelj.hr\/index.php?rest_route=%2Fwp%2Fv2%2Fmedia&parent=1056"}],"wp:term":[{"taxonomy":"category","embeddable":true,"href":"http:\/\/svetaobitelj.hr\/index.php?rest_route=%2Fwp%2Fv2%2Fcategories&post=1056"},{"taxonomy":"post_tag","embeddable":true,"href":"http:\/\/svetaobitelj.hr\/index.php?rest_route=%2Fwp%2Fv2%2Ftags&post=1056"}],"curies":[{"name":"wp","href":"https:\/\/api.w.org\/{rel}","templated":true}]}}