{"id":1049,"date":"2019-10-09T15:47:20","date_gmt":"2019-10-09T14:47:20","guid":{"rendered":"http:\/\/svetaobitelj.hr\/?p=1049"},"modified":"2020-01-29T21:57:20","modified_gmt":"2020-01-29T20:57:20","slug":"oprostaj-s-nasim-fra-davorom","status":"publish","type":"post","link":"http:\/\/svetaobitelj.hr\/?p=1049","title":{"rendered":"Opro\u0161taj s na\u0161im fra Davorom"},"content":{"rendered":"\n<figure class=\"wp-block-image\"><img loading=\"lazy\" decoding=\"async\" width=\"1024\" height=\"1024\" src=\"https:\/\/svetaobitelj.hr\/wp-content\/uploads\/2019\/10\/slika1-4-1024x1024.jpg\" alt=\"\" class=\"wp-image-1052\" srcset=\"http:\/\/svetaobitelj.hr\/wp-content\/uploads\/2019\/10\/slika1-4-1024x1024.jpg 1024w, http:\/\/svetaobitelj.hr\/wp-content\/uploads\/2019\/10\/slika1-4-150x150.jpg 150w, http:\/\/svetaobitelj.hr\/wp-content\/uploads\/2019\/10\/slika1-4-300x300.jpg 300w, http:\/\/svetaobitelj.hr\/wp-content\/uploads\/2019\/10\/slika1-4-768x768.jpg 768w, http:\/\/svetaobitelj.hr\/wp-content\/uploads\/2019\/10\/slika1-4.jpg 1920w\" sizes=\"auto, (max-width: 1024px) 100vw, 1024px\" \/><\/figure>\n\n\n\n<p>U \u010detvrtak, 10.10 na\u0161 najdra\u017ei \u017eupni vikar fra Davor Filko odlazi na novu slu\u017ebu u Australiju. Uputili smo se u Bjelovar oprostiti se s njim i re\u0107i mu koliko smo sretni \u0161to je bio dio na\u0161ih \u017eivota, dio na\u0161e \u017eupne zajednice te da \u0107e njegov osmijeh i vedrina kojom zra\u010di zauvijek ostati u na\u0161im srcima. Ovom prilikom smo susreli jo\u0161 neke iznimno zanimljive i zabavne fratre, primjerice fra Rikija koji nas je svojim \u0161armom i humorom &#8220;oborio s nogu&#8221;.<\/p>\n\n\n\n<p>Dragi na\u0161 Davore, ma gdje bio znaj da si u na\u0161im mislima, da te volimo i da te \u010dekamo otvorena srca da nam se vrati\u0161. Neka te Gospodin \u0161titi i \u010duva, u na\u0161im si molitvama. Dat \u0107e Bog i brzo da se vidimo, a ti nam budi dobar kao \u0161to si to i do sada bio, sretno ti i sada budi na veselje i radost na\u0161im Hrvatima u dijaspori. Vole te tvoji Jugovci!<\/p>\n","protected":false},"excerpt":{"rendered":"<p>U \u010detvrtak, 10.10 na\u0161 najdra\u017ei \u017eupni vikar fra Davor Filko odlazi na novu slu\u017ebu u Australiju. Uputili smo se u Bjelovar oprostiti se s njim i re\u0107i mu koliko smo sretni \u0161to je bio dio na\u0161ih \u017eivota, dio na\u0161e \u017eupne zajednice te da \u0107e njegov osmijeh i vedrina kojom zra\u010di zauvijek ostati u na\u0161im srcima. <a href=\"http:\/\/svetaobitelj.hr\/?p=1049\" class=\"more-link\">[&hellip;]<\/a><\/p>\n","protected":false},"author":2,"featured_media":1051,"comment_status":"closed","ping_status":"closed","sticky":false,"template":"","format":"standard","meta":{"footnotes":""},"categories":[3],"tags":[],"class_list":["entry","author-","post-1049","post","type-post","status-publish","format-standard","has-post-thumbnail","category-zupa"],"_links":{"self":[{"href":"http:\/\/svetaobitelj.hr\/index.php?rest_route=\/wp\/v2\/posts\/1049","targetHints":{"allow":["GET"]}}],"collection":[{"href":"http:\/\/svetaobitelj.hr\/index.php?rest_route=\/wp\/v2\/posts"}],"about":[{"href":"http:\/\/svetaobitelj.hr\/index.php?rest_route=\/wp\/v2\/types\/post"}],"author":[{"embeddable":true,"href":"http:\/\/svetaobitelj.hr\/index.php?rest_route=\/wp\/v2\/users\/2"}],"replies":[{"embeddable":true,"href":"http:\/\/svetaobitelj.hr\/index.php?rest_route=%2Fwp%2Fv2%2Fcomments&post=1049"}],"version-history":[{"count":2,"href":"http:\/\/svetaobitelj.hr\/index.php?rest_route=\/wp\/v2\/posts\/1049\/revisions"}],"predecessor-version":[{"id":1053,"href":"http:\/\/svetaobitelj.hr\/index.php?rest_route=\/wp\/v2\/posts\/1049\/revisions\/1053"}],"wp:featuredmedia":[{"embeddable":true,"href":"http:\/\/svetaobitelj.hr\/index.php?rest_route=\/wp\/v2\/media\/1051"}],"wp:attachment":[{"href":"http:\/\/svetaobitelj.hr\/index.php?rest_route=%2Fwp%2Fv2%2Fmedia&parent=1049"}],"wp:term":[{"taxonomy":"category","embeddable":true,"href":"http:\/\/svetaobitelj.hr\/index.php?rest_route=%2Fwp%2Fv2%2Fcategories&post=1049"},{"taxonomy":"post_tag","embeddable":true,"href":"http:\/\/svetaobitelj.hr\/index.php?rest_route=%2Fwp%2Fv2%2Ftags&post=1049"}],"curies":[{"name":"wp","href":"https:\/\/api.w.org\/{rel}","templated":true}]}}