{"id":1045,"date":"2019-10-07T12:41:46","date_gmt":"2019-10-07T11:41:46","guid":{"rendered":"http:\/\/svetaobitelj.hr\/?p=1045"},"modified":"2020-01-29T21:57:20","modified_gmt":"2020-01-29T20:57:20","slug":"proslava-blagdana-svetog-franje-asiskog","status":"publish","type":"post","link":"http:\/\/svetaobitelj.hr\/?p=1045","title":{"rendered":"Proslava blagdana svetog Franje Asi\u0161kog"},"content":{"rendered":"\n<p>Za proslavu blagdana svetog Franje Asi\u0161kog utemeljitelja franjeva\u010dkih redova, pripremali smo se trodnevicom. Uo\u010di blagdana na ve\u010dernjoj svetoj misi obilje\u017een je Obred preminu\u0107a sv. Franje. Povodom dana njihovog serafskog oca, na sam blagdan, nakon ve\u010dernje svete mise, \u010dlanovi OFS priredili su prigodan domjenak za \u017eupljane.<\/p>\n\n\n\n<figure class=\"wp-block-image\"><img loading=\"lazy\" decoding=\"async\" width=\"1024\" height=\"768\" src=\"http:\/\/svetaobitelj.hr\/wp-content\/uploads\/2019\/10\/IMG-aca8ae9c92138c498072921bed955e53-V-1024x768.jpg\" alt=\"\" class=\"wp-image-1046\" srcset=\"http:\/\/svetaobitelj.hr\/wp-content\/uploads\/2019\/10\/IMG-aca8ae9c92138c498072921bed955e53-V-1024x768.jpg 1024w, http:\/\/svetaobitelj.hr\/wp-content\/uploads\/2019\/10\/IMG-aca8ae9c92138c498072921bed955e53-V-300x225.jpg 300w, http:\/\/svetaobitelj.hr\/wp-content\/uploads\/2019\/10\/IMG-aca8ae9c92138c498072921bed955e53-V-768x576.jpg 768w, http:\/\/svetaobitelj.hr\/wp-content\/uploads\/2019\/10\/IMG-aca8ae9c92138c498072921bed955e53-V.jpg 1600w\" sizes=\"auto, (max-width: 1024px) 100vw, 1024px\" \/><\/figure>\n","protected":false},"excerpt":{"rendered":"<p>Za proslavu blagdana svetog Franje Asi\u0161kog utemeljitelja franjeva\u010dkih redova, pripremali smo se trodnevicom. Uo\u010di blagdana na ve\u010dernjoj svetoj misi obilje\u017een je Obred preminu\u0107a sv. Franje. Povodom dana njihovog serafskog oca, na sam blagdan, nakon ve\u010dernje svete mise, \u010dlanovi OFS priredili su prigodan domjenak za \u017eupljane.<\/p>\n","protected":false},"author":2,"featured_media":0,"comment_status":"closed","ping_status":"closed","sticky":false,"template":"","format":"standard","meta":{"footnotes":""},"categories":[3],"tags":[],"class_list":["entry","author-","post-1045","post","type-post","status-publish","format-standard","category-zupa"],"_links":{"self":[{"href":"http:\/\/svetaobitelj.hr\/index.php?rest_route=\/wp\/v2\/posts\/1045","targetHints":{"allow":["GET"]}}],"collection":[{"href":"http:\/\/svetaobitelj.hr\/index.php?rest_route=\/wp\/v2\/posts"}],"about":[{"href":"http:\/\/svetaobitelj.hr\/index.php?rest_route=\/wp\/v2\/types\/post"}],"author":[{"embeddable":true,"href":"http:\/\/svetaobitelj.hr\/index.php?rest_route=\/wp\/v2\/users\/2"}],"replies":[{"embeddable":true,"href":"http:\/\/svetaobitelj.hr\/index.php?rest_route=%2Fwp%2Fv2%2Fcomments&post=1045"}],"version-history":[{"count":1,"href":"http:\/\/svetaobitelj.hr\/index.php?rest_route=\/wp\/v2\/posts\/1045\/revisions"}],"predecessor-version":[{"id":1047,"href":"http:\/\/svetaobitelj.hr\/index.php?rest_route=\/wp\/v2\/posts\/1045\/revisions\/1047"}],"wp:attachment":[{"href":"http:\/\/svetaobitelj.hr\/index.php?rest_route=%2Fwp%2Fv2%2Fmedia&parent=1045"}],"wp:term":[{"taxonomy":"category","embeddable":true,"href":"http:\/\/svetaobitelj.hr\/index.php?rest_route=%2Fwp%2Fv2%2Fcategories&post=1045"},{"taxonomy":"post_tag","embeddable":true,"href":"http:\/\/svetaobitelj.hr\/index.php?rest_route=%2Fwp%2Fv2%2Ftags&post=1045"}],"curies":[{"name":"wp","href":"https:\/\/api.w.org\/{rel}","templated":true}]}}