{"id":1032,"date":"2019-10-06T19:07:32","date_gmt":"2019-10-06T18:07:32","guid":{"rendered":"http:\/\/svetaobitelj.hr\/?p=1032"},"modified":"2020-01-29T21:57:20","modified_gmt":"2020-01-29T20:57:20","slug":"regionalni-seminar-za-clanove-karitativnih-skupina","status":"publish","type":"post","link":"http:\/\/svetaobitelj.hr\/?p=1032","title":{"rendered":"Regionalni seminar za \u010dlanove karitativnih skupina"},"content":{"rendered":"\n<figure class=\"wp-block-image\"><img loading=\"lazy\" decoding=\"async\" width=\"768\" height=\"1024\" src=\"http:\/\/svetaobitelj.hr\/wp-content\/uploads\/2019\/10\/IMG-bf2d6e03fab2f5b8b9901dfd7c1b4e0b-V-768x1024.jpg\" alt=\"\" class=\"wp-image-1041\" srcset=\"http:\/\/svetaobitelj.hr\/wp-content\/uploads\/2019\/10\/IMG-bf2d6e03fab2f5b8b9901dfd7c1b4e0b-V-768x1024.jpg 768w, http:\/\/svetaobitelj.hr\/wp-content\/uploads\/2019\/10\/IMG-bf2d6e03fab2f5b8b9901dfd7c1b4e0b-V-225x300.jpg 225w, http:\/\/svetaobitelj.hr\/wp-content\/uploads\/2019\/10\/IMG-bf2d6e03fab2f5b8b9901dfd7c1b4e0b-V.jpg 1200w\" sizes=\"auto, (max-width: 768px) 100vw, 768px\" \/><\/figure>\n\n\n\n<p>U petak, 04. listopada 2019. godine u Vikarijatu je odr\u017ean regionalni seminar za \u010dlanove karitativnih skupina i \u010dlanove \u017dPV, odjela za karitativnu djelatnost na temu &#8220;Dajte im vi (s)jesti&#8221;. Voditelj seminara bio je vl\u010d. Drago Tukara, ravnatelj Caritasa \u0110akova\u010dko-osje\u010dke nadbiskupije. U svom izlaganju istaknuo je va\u017enost obilaska bolesnika i potrebitih, te da &#8220;uz \u010da\u0161icu razgovora&#8221; sjednemo s njima za stol i pru\u017eimo im duhovnu okrjepu. Seminaru je nazo\u010dilo i dvanaest na\u0161ih \u017eupljana, te smo tako bili najbrojnija karitativna skupina na seminaru (na ponos na\u0161eg \u017eupnika)<\/p>\n\n\n\n<figure class=\"wp-block-image\"><img loading=\"lazy\" decoding=\"async\" width=\"768\" height=\"1024\" src=\"http:\/\/svetaobitelj.hr\/wp-content\/uploads\/2019\/10\/IMG-f057bebf57cf96d6a054013314cb7686-V-768x1024.jpg\" alt=\"\" class=\"wp-image-1042\" srcset=\"http:\/\/svetaobitelj.hr\/wp-content\/uploads\/2019\/10\/IMG-f057bebf57cf96d6a054013314cb7686-V-768x1024.jpg 768w, http:\/\/svetaobitelj.hr\/wp-content\/uploads\/2019\/10\/IMG-f057bebf57cf96d6a054013314cb7686-V-225x300.jpg 225w, http:\/\/svetaobitelj.hr\/wp-content\/uploads\/2019\/10\/IMG-f057bebf57cf96d6a054013314cb7686-V.jpg 1200w\" sizes=\"auto, (max-width: 768px) 100vw, 768px\" \/><\/figure>\n","protected":false},"excerpt":{"rendered":"<p>U petak, 04. listopada 2019. godine u Vikarijatu je odr\u017ean regionalni seminar za \u010dlanove karitativnih skupina i \u010dlanove \u017dPV, odjela za karitativnu djelatnost na temu &#8220;Dajte im vi (s)jesti&#8221;. Voditelj seminara bio je vl\u010d. Drago Tukara, ravnatelj Caritasa \u0110akova\u010dko-osje\u010dke nadbiskupije. U svom izlaganju istaknuo je va\u017enost obilaska bolesnika i potrebitih, te da &#8220;uz \u010da\u0161icu razgovora&#8221; <a href=\"http:\/\/svetaobitelj.hr\/?p=1032\" class=\"more-link\">[&hellip;]<\/a><\/p>\n","protected":false},"author":2,"featured_media":1041,"comment_status":"closed","ping_status":"closed","sticky":false,"template":"","format":"standard","meta":{"footnotes":""},"categories":[3],"tags":[],"class_list":["entry","author-","post-1032","post","type-post","status-publish","format-standard","has-post-thumbnail","category-zupa"],"_links":{"self":[{"href":"http:\/\/svetaobitelj.hr\/index.php?rest_route=\/wp\/v2\/posts\/1032","targetHints":{"allow":["GET"]}}],"collection":[{"href":"http:\/\/svetaobitelj.hr\/index.php?rest_route=\/wp\/v2\/posts"}],"about":[{"href":"http:\/\/svetaobitelj.hr\/index.php?rest_route=\/wp\/v2\/types\/post"}],"author":[{"embeddable":true,"href":"http:\/\/svetaobitelj.hr\/index.php?rest_route=\/wp\/v2\/users\/2"}],"replies":[{"embeddable":true,"href":"http:\/\/svetaobitelj.hr\/index.php?rest_route=%2Fwp%2Fv2%2Fcomments&post=1032"}],"version-history":[{"count":4,"href":"http:\/\/svetaobitelj.hr\/index.php?rest_route=\/wp\/v2\/posts\/1032\/revisions"}],"predecessor-version":[{"id":1043,"href":"http:\/\/svetaobitelj.hr\/index.php?rest_route=\/wp\/v2\/posts\/1032\/revisions\/1043"}],"wp:featuredmedia":[{"embeddable":true,"href":"http:\/\/svetaobitelj.hr\/index.php?rest_route=\/wp\/v2\/media\/1041"}],"wp:attachment":[{"href":"http:\/\/svetaobitelj.hr\/index.php?rest_route=%2Fwp%2Fv2%2Fmedia&parent=1032"}],"wp:term":[{"taxonomy":"category","embeddable":true,"href":"http:\/\/svetaobitelj.hr\/index.php?rest_route=%2Fwp%2Fv2%2Fcategories&post=1032"},{"taxonomy":"post_tag","embeddable":true,"href":"http:\/\/svetaobitelj.hr\/index.php?rest_route=%2Fwp%2Fv2%2Ftags&post=1032"}],"curies":[{"name":"wp","href":"https:\/\/api.w.org\/{rel}","templated":true}]}}