{"id":1030,"date":"2019-10-06T18:45:36","date_gmt":"2019-10-06T17:45:36","guid":{"rendered":"http:\/\/svetaobitelj.hr\/?p=1030"},"modified":"2020-01-29T21:57:31","modified_gmt":"2020-01-29T20:57:31","slug":"zupne-obavijesti-27-nedjelja-kroz-godinu-2","status":"publish","type":"post","link":"http:\/\/svetaobitelj.hr\/?p=1030","title":{"rendered":"\u017dupne obavijesti: 27. nedjelja kroz godinu"},"content":{"rendered":"\n<ul class=\"wp-block-list\"><li><strong>Danas slavimo dvadeset i sedmu\nnedjelju kroz godinu. U tijeku je Izvanredni misijski mjesec. Prva je nedjelja\nu mjesecu kada svojim molitvama i nov\u010danim prilozima poma\u017eemo na\u0161im\nsjemeni\u0161tima te molimo za duhovna zvanja. Nakon obavijesti \u010dut \u0107emo poruku\nmons. Ivice Petanjka, biskupa kr\u010dkog i predsjednika Vije\u0107a HBK za misije,\npovodom Izvanrednog misijskog mjeseca.<\/strong><\/li><\/ul>\n\n\n\n<ul class=\"wp-block-list\"><li><strong>Sutra nema biblijskog sata nakon\nve\u010dernje svete mise. U utorak je Dan neovisnosti. Sveta misa za Domovinu bit \u0107e\nu 18:30 sati.<\/strong><\/li><\/ul>\n\n\n\n<ul class=\"wp-block-list\"><li><strong>U srijedu je u 18:15 pobo\u017enost na\n\u010dast bl. Mariji Petkovi\u0107. <\/strong><\/li><\/ul>\n\n\n\n<ul class=\"wp-block-list\"><li><strong>U \u010detvrtak je klanjanje pred\nPresvetim nakon ve\u010dernje svete mise.<\/strong><\/li><\/ul>\n\n\n\n<ul class=\"wp-block-list\"><li><strong>Sljede\u0107e nedjelje slavimo\ndvadeset i osmu nedjelju kroz godinu. Na kraju svake svete mise molit \u0107emo\nmolitvu pape Franje za Izvanredni misijski mjesec. Pozvani smo da svojim\nmolitvama i nov\u010danim prilozima pomognemo rad misionara u misijama diljem\nsvijeta. Redoviti susret Mjesnoga bratstva OFS-a bit \u0107e u 16:30 sati.<\/strong><\/li><\/ul>\n\n\n\n<ul class=\"wp-block-list\"><li><strong>Ovogodi\u0161nji ciklus \u201eBiblijsko-molitvenih\nve\u010deri\u201c pod vodstvom vl\u010d. Kre\u0161imira Bulata zapo\u010dinje u Vikarijatu 14. listopada\nu 19:30 sati.<\/strong><\/li><\/ul>\n\n\n\n<ul class=\"wp-block-list\"><li><strong>Ovogodi\u0161nji katekumenat (priprava\nodraslih za primanje sakramenata kr\u0161\u0107anske inicijacije kr\u0161tenja, potvrde i\npri\u010desti)&nbsp; zapo\u010dinje 15. listopada u 19\nsati u vjeronau\u010dnoj dvorani \u017eupe Sv. Mihaela u Osijeku. Nije se potrebno\nunaprijed prijavljivati, nego je dovoljno do\u0107i na prvi susret kada \u0107e biti i\nupis. <\/strong><\/li><\/ul>\n\n\n\n<ul class=\"wp-block-list\"><li><strong>Prvi \u201eBiblijski utorak\u201c pod\nvodstvom prof. dr. Ivice \u010cati\u0107a bit \u0107e odr\u017ean u Vikarijatu 15. listopada s\npo\u010detkom u 19:30 sati.<\/strong><\/li><\/ul>\n\n\n\n<ul class=\"wp-block-list\"><li><strong>Od 17. do 20. listopada u na\u0161oj\nNadbiskupiji \u0107e biti odr\u017ean volonterski projekt \u201e72 sata bez kompromisa\u201c u\norganizaciji katoli\u010dkih udruga i Ureda za pastoral mladih. Mladi kao pojedinci\nili skupine mogu se prijaviti na internetskoj stranici <\/strong><a href=\"http:\/\/www.72sata.hr\"><strong><em>www.72sata.hr<\/em><\/strong><\/a><strong>, gdje je detaljno obja\u0161njen\npostupak prijave.<\/strong><\/li><\/ul>\n\n\n\n<ul class=\"wp-block-list\"><li><strong>Novi ciklus socijalnih tribina\npod nazivom \u201eSocijalni \u010detvrtak\u201c zapo\u010det \u0107e u Vikarijatu 24. listopada u 19:30\nsati, a voditelj je mr. Igor Jakobfi.<\/strong><\/li><\/ul>\n\n\n\n<ul class=\"wp-block-list\"><li><strong>Zbog zastarjelosti i sve ve\u0107ih\nkvarova sistema grijanja na\u0161e crkve i samostana, zapo\u010det \u0107emo s obnovom. Na\nprijedlog pojedinih \u010dlanova na\u0161ih \u017eupnih vije\u0107a obra\u0107amo se vama, po\u0161tovani\n\u017eupljani, da nam svojim nov\u010danim prilozima pomognete. Unaprijed se zahvaljujemo\nva\u0161oj dobroti.<\/strong><\/li><\/ul>\n\n\n\n<ul class=\"wp-block-list\"><li><strong>Kupujte i \u010ditajte katoli\u010dki\ntisak.<\/strong><\/li><\/ul>\n","protected":false},"excerpt":{"rendered":"<p>Danas slavimo dvadeset i sedmu nedjelju kroz godinu. U tijeku je Izvanredni misijski mjesec. Prva je nedjelja u mjesecu kada svojim molitvama i nov\u010danim prilozima poma\u017eemo na\u0161im sjemeni\u0161tima te molimo za duhovna zvanja. Nakon obavijesti \u010dut \u0107emo poruku mons. Ivice Petanjka, biskupa kr\u010dkog i predsjednika Vije\u0107a HBK za misije, povodom Izvanrednog misijskog mjeseca. Sutra nema <a href=\"http:\/\/svetaobitelj.hr\/?p=1030\" class=\"more-link\">[&hellip;]<\/a><\/p>\n","protected":false},"author":2,"featured_media":0,"comment_status":"closed","ping_status":"closed","sticky":false,"template":"","format":"standard","meta":{"footnotes":""},"categories":[3],"tags":[],"class_list":["entry","author-","post-1030","post","type-post","status-publish","format-standard","category-zupa"],"_links":{"self":[{"href":"http:\/\/svetaobitelj.hr\/index.php?rest_route=\/wp\/v2\/posts\/1030","targetHints":{"allow":["GET"]}}],"collection":[{"href":"http:\/\/svetaobitelj.hr\/index.php?rest_route=\/wp\/v2\/posts"}],"about":[{"href":"http:\/\/svetaobitelj.hr\/index.php?rest_route=\/wp\/v2\/types\/post"}],"author":[{"embeddable":true,"href":"http:\/\/svetaobitelj.hr\/index.php?rest_route=\/wp\/v2\/users\/2"}],"replies":[{"embeddable":true,"href":"http:\/\/svetaobitelj.hr\/index.php?rest_route=%2Fwp%2Fv2%2Fcomments&post=1030"}],"version-history":[{"count":1,"href":"http:\/\/svetaobitelj.hr\/index.php?rest_route=\/wp\/v2\/posts\/1030\/revisions"}],"predecessor-version":[{"id":1031,"href":"http:\/\/svetaobitelj.hr\/index.php?rest_route=\/wp\/v2\/posts\/1030\/revisions\/1031"}],"wp:attachment":[{"href":"http:\/\/svetaobitelj.hr\/index.php?rest_route=%2Fwp%2Fv2%2Fmedia&parent=1030"}],"wp:term":[{"taxonomy":"category","embeddable":true,"href":"http:\/\/svetaobitelj.hr\/index.php?rest_route=%2Fwp%2Fv2%2Fcategories&post=1030"},{"taxonomy":"post_tag","embeddable":true,"href":"http:\/\/svetaobitelj.hr\/index.php?rest_route=%2Fwp%2Fv2%2Ftags&post=1030"}],"curies":[{"name":"wp","href":"https:\/\/api.w.org\/{rel}","templated":true}]}}