{"id":1020,"date":"2019-09-29T19:46:44","date_gmt":"2019-09-29T18:46:44","guid":{"rendered":"http:\/\/svetaobitelj.hr\/?p=1020"},"modified":"2020-01-29T21:57:31","modified_gmt":"2020-01-29T20:57:31","slug":"citajmo-glas-koncila","status":"publish","type":"post","link":"http:\/\/svetaobitelj.hr\/?p=1020","title":{"rendered":"\u010citajmo Glas Koncila"},"content":{"rendered":"\n<figure class=\"wp-block-image\"><img loading=\"lazy\" decoding=\"async\" width=\"498\" height=\"1024\" src=\"http:\/\/svetaobitelj.hr\/wp-content\/uploads\/2019\/09\/slika-1-498x1024.jpg\" alt=\"\" class=\"wp-image-1023\" srcset=\"http:\/\/svetaobitelj.hr\/wp-content\/uploads\/2019\/09\/slika-1-498x1024.jpg 498w, http:\/\/svetaobitelj.hr\/wp-content\/uploads\/2019\/09\/slika-1-146x300.jpg 146w, http:\/\/svetaobitelj.hr\/wp-content\/uploads\/2019\/09\/slika-1-768x1579.jpg 768w, http:\/\/svetaobitelj.hr\/wp-content\/uploads\/2019\/09\/slika-1.jpg 1080w\" sizes=\"auto, (max-width: 498px) 100vw, 498px\" \/><\/figure>\n\n\n\n<p>Danas je na\u0161u \u017eupu posjetio g. Stjepan Sa\u010der i na prijepodnevnim misama uputio u ime uredni\u0161tva Glasa Koncila poziv svim vjernicima da ne posustaju u \u010ditanju ovog na\u0161eg katoli\u010dkog tjednika. Tako\u0111er je podsjetio i na va\u017enost Maka, koji bi na\u0161u djecu odgajao u duhu katoli\u010dke vjere i to kroz priloge koja sama djeca \u0161alju u uredni\u0161tvo. Zahvalni smo na poticaju \u010ditanja a ujedno i podr\u0161ke na\u0161im katoli\u010dkim medijima. <\/p>\n","protected":false},"excerpt":{"rendered":"<p>Danas je na\u0161u \u017eupu posjetio g. Stjepan Sa\u010der i na prijepodnevnim misama uputio u ime uredni\u0161tva Glasa Koncila poziv svim vjernicima da ne posustaju u \u010ditanju ovog na\u0161eg katoli\u010dkog tjednika. Tako\u0111er je podsjetio i na va\u017enost Maka, koji bi na\u0161u djecu odgajao u duhu katoli\u010dke vjere i to kroz priloge koja sama djeca \u0161alju u <a href=\"http:\/\/svetaobitelj.hr\/?p=1020\" class=\"more-link\">[&hellip;]<\/a><\/p>\n","protected":false},"author":2,"featured_media":1023,"comment_status":"closed","ping_status":"closed","sticky":false,"template":"","format":"standard","meta":{"footnotes":""},"categories":[3],"tags":[],"class_list":["entry","author-","post-1020","post","type-post","status-publish","format-standard","has-post-thumbnail","category-zupa"],"_links":{"self":[{"href":"http:\/\/svetaobitelj.hr\/index.php?rest_route=\/wp\/v2\/posts\/1020","targetHints":{"allow":["GET"]}}],"collection":[{"href":"http:\/\/svetaobitelj.hr\/index.php?rest_route=\/wp\/v2\/posts"}],"about":[{"href":"http:\/\/svetaobitelj.hr\/index.php?rest_route=\/wp\/v2\/types\/post"}],"author":[{"embeddable":true,"href":"http:\/\/svetaobitelj.hr\/index.php?rest_route=\/wp\/v2\/users\/2"}],"replies":[{"embeddable":true,"href":"http:\/\/svetaobitelj.hr\/index.php?rest_route=%2Fwp%2Fv2%2Fcomments&post=1020"}],"version-history":[{"count":1,"href":"http:\/\/svetaobitelj.hr\/index.php?rest_route=\/wp\/v2\/posts\/1020\/revisions"}],"predecessor-version":[{"id":1024,"href":"http:\/\/svetaobitelj.hr\/index.php?rest_route=\/wp\/v2\/posts\/1020\/revisions\/1024"}],"wp:featuredmedia":[{"embeddable":true,"href":"http:\/\/svetaobitelj.hr\/index.php?rest_route=\/wp\/v2\/media\/1023"}],"wp:attachment":[{"href":"http:\/\/svetaobitelj.hr\/index.php?rest_route=%2Fwp%2Fv2%2Fmedia&parent=1020"}],"wp:term":[{"taxonomy":"category","embeddable":true,"href":"http:\/\/svetaobitelj.hr\/index.php?rest_route=%2Fwp%2Fv2%2Fcategories&post=1020"},{"taxonomy":"post_tag","embeddable":true,"href":"http:\/\/svetaobitelj.hr\/index.php?rest_route=%2Fwp%2Fv2%2Ftags&post=1020"}],"curies":[{"name":"wp","href":"https:\/\/api.w.org\/{rel}","templated":true}]}}