{"id":1016,"date":"2019-09-29T19:34:07","date_gmt":"2019-09-29T18:34:07","guid":{"rendered":"http:\/\/svetaobitelj.hr\/?p=1016"},"modified":"2020-01-29T21:57:31","modified_gmt":"2020-01-29T20:57:31","slug":"nadbiskupijsko-hodocasce-u-mariju-bistricu-i-ivanec","status":"publish","type":"post","link":"http:\/\/svetaobitelj.hr\/?p=1016","title":{"rendered":"Nadbiskupijsko hodo\u010da\u0161\u0107e u Mariju Bistricu i Ivanec"},"content":{"rendered":"\n<figure class=\"wp-block-image\"><img loading=\"lazy\" decoding=\"async\" width=\"1024\" height=\"1024\" src=\"http:\/\/svetaobitelj.hr\/wp-content\/uploads\/2019\/09\/kolaz1-1024x1024.jpg\" alt=\"\" class=\"wp-image-1017\" srcset=\"http:\/\/svetaobitelj.hr\/wp-content\/uploads\/2019\/09\/kolaz1-1024x1024.jpg 1024w, http:\/\/svetaobitelj.hr\/wp-content\/uploads\/2019\/09\/kolaz1-150x150.jpg 150w, http:\/\/svetaobitelj.hr\/wp-content\/uploads\/2019\/09\/kolaz1-300x300.jpg 300w, http:\/\/svetaobitelj.hr\/wp-content\/uploads\/2019\/09\/kolaz1-768x768.jpg 768w, http:\/\/svetaobitelj.hr\/wp-content\/uploads\/2019\/09\/kolaz1.jpg 1920w\" sizes=\"auto, (max-width: 1024px) 100vw, 1024px\" \/><\/figure>\n\n\n\n<figure class=\"wp-block-image\"><img loading=\"lazy\" decoding=\"async\" width=\"1024\" height=\"1024\" src=\"http:\/\/svetaobitelj.hr\/wp-content\/uploads\/2019\/09\/kolaz2-1024x1024.jpg\" alt=\"\" class=\"wp-image-1018\" srcset=\"http:\/\/svetaobitelj.hr\/wp-content\/uploads\/2019\/09\/kolaz2-1024x1024.jpg 1024w, http:\/\/svetaobitelj.hr\/wp-content\/uploads\/2019\/09\/kolaz2-150x150.jpg 150w, http:\/\/svetaobitelj.hr\/wp-content\/uploads\/2019\/09\/kolaz2-300x300.jpg 300w, http:\/\/svetaobitelj.hr\/wp-content\/uploads\/2019\/09\/kolaz2-768x768.jpg 768w, http:\/\/svetaobitelj.hr\/wp-content\/uploads\/2019\/09\/kolaz2.jpg 1920w\" sizes=\"auto, (max-width: 1024px) 100vw, 1024px\" \/><\/figure>\n\n\n\n<p>Povodom 100. godi\u0161njice ro\u0111enja biskupa \u0106irila Kosa \u017eupljani \u017eupe Svete Obitelji hodo\u010dastili su 28. rujna u Mariju Bistricu u sklopu nadbiskupijskog hodo\u010da\u0161\u0107a koje je organizirano pod geslom Kristu Gospodinu posli\u010deni. Svetu misu predvodio je nadbiskup \u0110uro Hrani\u0107, a istoj je nazo\u010dio i nadbiskup u miru Marin Sraki\u0107, te pomo\u0107ni biskup Ivan \u0106uri\u0107. Po zavr\u0161etku svete mise uputili smo se u \u017dupu Ivanec. \u017dupljani \u017eupe doma\u0107ina do\u010dekali su nas i ugostili. Nakon okrjepe, u \u017eupnoj crkvi Svete Marije Magdalene, u kojoj je kr\u0161ten biskup \u0106iril Kos, otkrivena je spomen plo\u010da u njegovu \u010dast. Po zavr\u0161etku molitve ve\u010dernje okupani ki\u0161om uputili smo se ku\u0107ama.<\/p>\n","protected":false},"excerpt":{"rendered":"<p>Povodom 100. godi\u0161njice ro\u0111enja biskupa \u0106irila Kosa \u017eupljani \u017eupe Svete Obitelji hodo\u010dastili su 28. rujna u Mariju Bistricu u sklopu nadbiskupijskog hodo\u010da\u0161\u0107a koje je organizirano pod geslom Kristu Gospodinu posli\u010deni. Svetu misu predvodio je nadbiskup \u0110uro Hrani\u0107, a istoj je nazo\u010dio i nadbiskup u miru Marin Sraki\u0107, te pomo\u0107ni biskup Ivan \u0106uri\u0107. Po zavr\u0161etku svete <a href=\"http:\/\/svetaobitelj.hr\/?p=1016\" class=\"more-link\">[&hellip;]<\/a><\/p>\n","protected":false},"author":2,"featured_media":0,"comment_status":"closed","ping_status":"closed","sticky":false,"template":"","format":"standard","meta":{"footnotes":""},"categories":[3],"tags":[],"class_list":["entry","author-","post-1016","post","type-post","status-publish","format-standard","category-zupa"],"_links":{"self":[{"href":"http:\/\/svetaobitelj.hr\/index.php?rest_route=\/wp\/v2\/posts\/1016","targetHints":{"allow":["GET"]}}],"collection":[{"href":"http:\/\/svetaobitelj.hr\/index.php?rest_route=\/wp\/v2\/posts"}],"about":[{"href":"http:\/\/svetaobitelj.hr\/index.php?rest_route=\/wp\/v2\/types\/post"}],"author":[{"embeddable":true,"href":"http:\/\/svetaobitelj.hr\/index.php?rest_route=\/wp\/v2\/users\/2"}],"replies":[{"embeddable":true,"href":"http:\/\/svetaobitelj.hr\/index.php?rest_route=%2Fwp%2Fv2%2Fcomments&post=1016"}],"version-history":[{"count":1,"href":"http:\/\/svetaobitelj.hr\/index.php?rest_route=\/wp\/v2\/posts\/1016\/revisions"}],"predecessor-version":[{"id":1019,"href":"http:\/\/svetaobitelj.hr\/index.php?rest_route=\/wp\/v2\/posts\/1016\/revisions\/1019"}],"wp:attachment":[{"href":"http:\/\/svetaobitelj.hr\/index.php?rest_route=%2Fwp%2Fv2%2Fmedia&parent=1016"}],"wp:term":[{"taxonomy":"category","embeddable":true,"href":"http:\/\/svetaobitelj.hr\/index.php?rest_route=%2Fwp%2Fv2%2Fcategories&post=1016"},{"taxonomy":"post_tag","embeddable":true,"href":"http:\/\/svetaobitelj.hr\/index.php?rest_route=%2Fwp%2Fv2%2Ftags&post=1016"}],"curies":[{"name":"wp","href":"https:\/\/api.w.org\/{rel}","templated":true}]}}