{"id":1012,"date":"2019-09-28T09:00:27","date_gmt":"2019-09-28T08:00:27","guid":{"rendered":"http:\/\/svetaobitelj.hr\/?p=1012"},"modified":"2020-01-29T21:57:31","modified_gmt":"2020-01-29T20:57:31","slug":"zupne-obavijesti-26-nedjelja-kroz-godinu-2","status":"publish","type":"post","link":"http:\/\/svetaobitelj.hr\/?p=1012","title":{"rendered":"\u017dupne obavijesti: 26. nedjelja kroz godinu"},"content":{"rendered":"\n<ul class=\"wp-block-list\"><li><strong>Danas slavimo dvadeset i \u0161estu\nnedjelju kroz godinu. Nakon \u017eupnih obavijesti pogledat \u0107emo kra\u0107i prilog na\u0161ega\nPape, a rije\u010d je o pripravi za izvanredni mjesec misija, mjesec listopad ove\ngodine. <\/strong><\/li><\/ul>\n\n\n\n<ul class=\"wp-block-list\"><li><strong>Sutra je biblijski sat nakon\nve\u010dernje svete mise.<\/strong><\/li><\/ul>\n\n\n\n<ul class=\"wp-block-list\"><li><strong>U utorak zapo\u010dinjemo u \u017eupnom\nuredu primati misne nakane za sljede\u0107u godinu, a ve\u010dernjom svetom misom zapo\u010dinje\ntrodnevna priprava za blagdan sv. Franje Asi\u0161koga. Ujedno zapo\u010dinje i\nizvanredni mjesec posve\u0107en misijama. <\/strong><\/li><\/ul>\n\n\n\n<ul class=\"wp-block-list\"><li><strong>U \u010detvrtak je u 18:30 Obred\npreminu\u0107a sv. Franje.<\/strong><\/li><\/ul>\n\n\n\n<ul class=\"wp-block-list\"><li><strong>U petak slavimo sv. Franju\nAsi\u0161koga, utemeljitelja franjeva\u010dkih redova. Svete mise su u 7:30 i 18:30 sati.\nPobo\u017enost Devet prvih petaka na \u010dast Srcu Isusovom je u 18:00 sati.<\/strong><\/li><\/ul>\n\n\n\n<ul class=\"wp-block-list\"><li><strong>U subotu je \u017eupna kateheza za\nprve razrede osnovnih \u0161kola u 9:00 sati. Nakon ve\u010dernje svete mise klanjanje je\npred Presvetim kada molimo za duhovna zvanja budu\u0107i da je prva subota u\nmjesecu.<\/strong><\/li><\/ul>\n\n\n\n<ul class=\"wp-block-list\"><li><strong>Sljede\u0107e nedjelje slavimo\ndvadeset i sedmu nedjelju kroz godinu. Prva je nedjelja u mjesecu kada svojim\nmolitvama i nov\u010danim prilozima poma\u017eemo na\u0161im sjemeni\u0161tima te molimo za duhovna\nzvanja. Pod jutarnjom svetom misom molimo za dobro\u010dinitelje ove na\u0161e crkve i\nsamostana.<\/strong><\/li><\/ul>\n\n\n\n<ul class=\"wp-block-list\"><li><strong>Ovogodi\u0161nji katekumenat (priprava\nodraslih za primanje sakramenata kr\u0161\u0107anske inicijacije kr\u0161tenja, potvrde i\npri\u010desti)&nbsp; zapo\u010dinje 15. listopada u 19\nsati u vjeronau\u010dnoj dvorani \u017eupe Sv. Mihaela u Osijeku. Nije se potrebno\nunaprijed prijavljivati, nego je dovoljno do\u0107i na prvi susret kada \u0107e biti i\nupis. <\/strong><\/li><\/ul>\n\n\n\n<ul class=\"wp-block-list\"><li><strong>Kao \u0161to smo mjesec dana\nnajavljivali, protekli tjedan bio je upis djece na \u017eupne kateheze (1., 2., 3. i\n8. razredi osnovnih \u0161kola i 1. i 2. razredi srednjih \u0161kola). Prema tim\nprijavama imamo 44 iz 1. razreda osnovnih \u0161kola, 38 iz 2. razreda osnovnih\n\u0161kola, 72 iz 3. razreda osnovnih \u0161kola, 40 iz 8. razreda osnovnih \u0161kola, 35 iz\n1. razreda srednjih \u0161kola i 49 iz 2. razreda srednjih \u0161kola. &nbsp;<\/strong><\/li><li><strong>Zbog zastarjelosti i sve ve\u0107ih\nkvarova sistema grijanja na\u0161e crkve i samostana, uskoro \u0107emo zapo\u010deti s obnovom\nistoga. Na prijedlog pojedinih \u010dlanova na\u0161ih \u017eupnih vije\u0107a obra\u0107amo se vama,\npo\u0161tovani \u017eupljani, da nam svojim nov\u010danim prilozima pomognete. Unaprijed se\nzahvaljujemo va\u0161oj dobroti.<\/strong><\/li><li><strong>Kupujte i \u010ditajte katoli\u010dki\ntisak.<\/strong><\/li><\/ul>\n","protected":false},"excerpt":{"rendered":"<p>Danas slavimo dvadeset i \u0161estu nedjelju kroz godinu. Nakon \u017eupnih obavijesti pogledat \u0107emo kra\u0107i prilog na\u0161ega Pape, a rije\u010d je o pripravi za izvanredni mjesec misija, mjesec listopad ove godine. Sutra je biblijski sat nakon ve\u010dernje svete mise. U utorak zapo\u010dinjemo u \u017eupnom uredu primati misne nakane za sljede\u0107u godinu, a ve\u010dernjom svetom misom zapo\u010dinje <a href=\"http:\/\/svetaobitelj.hr\/?p=1012\" class=\"more-link\">[&hellip;]<\/a><\/p>\n","protected":false},"author":2,"featured_media":0,"comment_status":"closed","ping_status":"closed","sticky":false,"template":"","format":"standard","meta":{"footnotes":""},"categories":[3],"tags":[],"class_list":["entry","author-","post-1012","post","type-post","status-publish","format-standard","category-zupa"],"_links":{"self":[{"href":"http:\/\/svetaobitelj.hr\/index.php?rest_route=\/wp\/v2\/posts\/1012","targetHints":{"allow":["GET"]}}],"collection":[{"href":"http:\/\/svetaobitelj.hr\/index.php?rest_route=\/wp\/v2\/posts"}],"about":[{"href":"http:\/\/svetaobitelj.hr\/index.php?rest_route=\/wp\/v2\/types\/post"}],"author":[{"embeddable":true,"href":"http:\/\/svetaobitelj.hr\/index.php?rest_route=\/wp\/v2\/users\/2"}],"replies":[{"embeddable":true,"href":"http:\/\/svetaobitelj.hr\/index.php?rest_route=%2Fwp%2Fv2%2Fcomments&post=1012"}],"version-history":[{"count":2,"href":"http:\/\/svetaobitelj.hr\/index.php?rest_route=\/wp\/v2\/posts\/1012\/revisions"}],"predecessor-version":[{"id":1015,"href":"http:\/\/svetaobitelj.hr\/index.php?rest_route=\/wp\/v2\/posts\/1012\/revisions\/1015"}],"wp:attachment":[{"href":"http:\/\/svetaobitelj.hr\/index.php?rest_route=%2Fwp%2Fv2%2Fmedia&parent=1012"}],"wp:term":[{"taxonomy":"category","embeddable":true,"href":"http:\/\/svetaobitelj.hr\/index.php?rest_route=%2Fwp%2Fv2%2Fcategories&post=1012"},{"taxonomy":"post_tag","embeddable":true,"href":"http:\/\/svetaobitelj.hr\/index.php?rest_route=%2Fwp%2Fv2%2Ftags&post=1012"}],"curies":[{"name":"wp","href":"https:\/\/api.w.org\/{rel}","templated":true}]}}