{"id":1009,"date":"2019-09-21T11:04:30","date_gmt":"2019-09-21T10:04:30","guid":{"rendered":"http:\/\/svetaobitelj.hr\/?p=1009"},"modified":"2020-01-29T21:57:31","modified_gmt":"2020-01-29T20:57:31","slug":"pojacanje-vecernjem-zboru","status":"publish","type":"post","link":"http:\/\/svetaobitelj.hr\/?p=1009","title":{"rendered":"Poja\u010danje ve\u010dernjem zboru"},"content":{"rendered":"\n<figure class=\"wp-block-image\"><img loading=\"lazy\" decoding=\"async\" width=\"498\" height=\"1024\" src=\"http:\/\/svetaobitelj.hr\/wp-content\/uploads\/2019\/09\/slika-498x1024.jpg\" alt=\"\" class=\"wp-image-1010\" srcset=\"http:\/\/svetaobitelj.hr\/wp-content\/uploads\/2019\/09\/slika-498x1024.jpg 498w, http:\/\/svetaobitelj.hr\/wp-content\/uploads\/2019\/09\/slika-146x300.jpg 146w, http:\/\/svetaobitelj.hr\/wp-content\/uploads\/2019\/09\/slika-768x1579.jpg 768w, http:\/\/svetaobitelj.hr\/wp-content\/uploads\/2019\/09\/slika.jpg 1080w\" sizes=\"auto, (max-width: 498px) 100vw, 498px\" \/><\/figure>\n\n\n\n<p>Na\u0161i najmla\u0111i \u017eupljani od najranije dobi sudjeluju na svetim misama, gdje se u\u010de \u0161to zna\u010di biti dio Crkve. Lucy je oti\u0161la i korak dalje pa se oku\u0161ala u pjevanju sa na\u0161im ve\u010dernjim zborom. Nadamo se da \u0107e jo\u0161 djece slijediti ovaj primjer, te da \u0107emo zajedni\u010dkim snagama uz Bo\u017eju pomo\u0107 graditi ovu na\u0161u \u017eupnu zajednicu na slavu Boga Oca. Bravo Lucy!!<\/p>\n","protected":false},"excerpt":{"rendered":"<p>Na\u0161i najmla\u0111i \u017eupljani od najranije dobi sudjeluju na svetim misama, gdje se u\u010de \u0161to zna\u010di biti dio Crkve. Lucy je oti\u0161la i korak dalje pa se oku\u0161ala u pjevanju sa na\u0161im ve\u010dernjim zborom. Nadamo se da \u0107e jo\u0161 djece slijediti ovaj primjer, te da \u0107emo zajedni\u010dkim snagama uz Bo\u017eju pomo\u0107 graditi ovu na\u0161u \u017eupnu zajednicu <a href=\"http:\/\/svetaobitelj.hr\/?p=1009\" class=\"more-link\">[&hellip;]<\/a><\/p>\n","protected":false},"author":2,"featured_media":0,"comment_status":"closed","ping_status":"closed","sticky":false,"template":"","format":"standard","meta":{"footnotes":""},"categories":[3],"tags":[],"class_list":["entry","author-","post-1009","post","type-post","status-publish","format-standard","category-zupa"],"_links":{"self":[{"href":"http:\/\/svetaobitelj.hr\/index.php?rest_route=\/wp\/v2\/posts\/1009","targetHints":{"allow":["GET"]}}],"collection":[{"href":"http:\/\/svetaobitelj.hr\/index.php?rest_route=\/wp\/v2\/posts"}],"about":[{"href":"http:\/\/svetaobitelj.hr\/index.php?rest_route=\/wp\/v2\/types\/post"}],"author":[{"embeddable":true,"href":"http:\/\/svetaobitelj.hr\/index.php?rest_route=\/wp\/v2\/users\/2"}],"replies":[{"embeddable":true,"href":"http:\/\/svetaobitelj.hr\/index.php?rest_route=%2Fwp%2Fv2%2Fcomments&post=1009"}],"version-history":[{"count":1,"href":"http:\/\/svetaobitelj.hr\/index.php?rest_route=\/wp\/v2\/posts\/1009\/revisions"}],"predecessor-version":[{"id":1011,"href":"http:\/\/svetaobitelj.hr\/index.php?rest_route=\/wp\/v2\/posts\/1009\/revisions\/1011"}],"wp:attachment":[{"href":"http:\/\/svetaobitelj.hr\/index.php?rest_route=%2Fwp%2Fv2%2Fmedia&parent=1009"}],"wp:term":[{"taxonomy":"category","embeddable":true,"href":"http:\/\/svetaobitelj.hr\/index.php?rest_route=%2Fwp%2Fv2%2Fcategories&post=1009"},{"taxonomy":"post_tag","embeddable":true,"href":"http:\/\/svetaobitelj.hr\/index.php?rest_route=%2Fwp%2Fv2%2Ftags&post=1009"}],"curies":[{"name":"wp","href":"https:\/\/api.w.org\/{rel}","templated":true}]}}