{"id":1007,"date":"2019-09-21T10:53:01","date_gmt":"2019-09-21T09:53:01","guid":{"rendered":"http:\/\/svetaobitelj.hr\/?p=1007"},"modified":"2020-01-29T21:57:31","modified_gmt":"2020-01-29T20:57:31","slug":"zupne-obavijesti-25-nedjelja-kroz-godinu-2","status":"publish","type":"post","link":"http:\/\/svetaobitelj.hr\/?p=1007","title":{"rendered":"\u017dupne obavijesti: 25. nedjelja kroz godinu"},"content":{"rendered":"\n<p><\/p>\n\n\n\n<p> 22. rujna 2019.<\/p>\n\n\n\n<ul class=\"wp-block-list\"><li><strong>Danas slavimo dvadeset i petu\nnedjelju kroz godinu. Nakon svetih misa skupljamo nov\u010dane priloge za pomo\u0107\nnadbiskupijskoj zakladi \u201eDr. Nikola Dogan\u201c \u010dime poma\u017eemo rad Zaklade koja brine\nza \u0161kolovanje siroma\u0161nih u\u010denika i studenata u Nadbiskupiji. <\/strong><\/li><\/ul>\n\n\n\n<ul class=\"wp-block-list\"><li><strong>Od sutra pa do srijede prijave su\nu \u017eupnom uredu od 9 \u2013 11 te od 16 \u2013 18 sati za one koji \u017eele primiti sakramente\npomirenja, pri\u010desti i potvrde (u\u010denici 3. razreda osnovne i 2. razreda srednje\n\u0161kole koji su ve\u0107 imali dvije pripravne godine \u017eupne kateheze), te svi ostali\nkoji su obvezni i\u0107i na kateheze (1., 2. i 8. razredi osnovnih \u0161kola i 1.\nrazredi srednjih \u0161kola). Obvezno prilikom prijave donijeti \u017eupnu obiteljsku\nknji\u017eicu. Susret za roditelje djece koja \u0107e i\u0107i na \u017eupne kateheze (od 1.\nrazreda osnovne \u0161kole do 2. razreda srednje \u0161kole) bit \u0107e u srijedu, koji\nzapo\u010dinje svetom misom u 18:30 sati. Ujedno \u0107emo imati i molitvu u sklopu\nvelike devetnice \u201eHrvatska moli za \u017eivot\u201c. Biblijski sat je sutra nakon\nve\u010dernje svete mise.<\/strong><\/li><\/ul>\n\n\n\n<ul class=\"wp-block-list\"><li><strong>U srijedu zapo\u010dinje molitvena\nakcija \u201e40 dana za \u017eivot\u201c. Ispred crkve mo\u017eete se obratiti volonterima te\nakcije kako bi vam pojasnili na koji na\u010din mo\u017eete pomo\u0107i i sudjelovati.<\/strong><\/li><\/ul>\n\n\n\n<ul class=\"wp-block-list\"><li><strong>U \u010detvrtak je nakon ve\u010dernje\nsvete mise klanjanje pred Presvetim. Nakon klanjanja bit \u0107e susret \u010dita\u010da u\nvjeronau\u010dnoj dvorani.<\/strong><\/li><\/ul>\n\n\n\n<ul class=\"wp-block-list\"><li><strong>Nadbiskupijsko i \u017eupno hodo\u010da\u0161\u0107e\nu Mariju Bistricu i u Ivanec, povodom 100. obljetnice ro\u0111enja biskupa \u0106irila\nKosa, bit \u0107e u subotu. Polazak je u 5:00 sati. Cijena je 150 kuna, a prijave i\nuplate primamo u \u017eupnom uredu.<\/strong><\/li><\/ul>\n\n\n\n<ul class=\"wp-block-list\"><li><strong>Sljede\u0107e nedjelje slavimo\ndvadeset i \u0161estu nedjelju kroz godinu. Gost na\u0161e \u017eupe bit \u0107e predstavnik Glasa\nKoncila koji \u0107e govoriti o tom na\u0161em katoli\u010dkom tjedniku. U \u017eupi sv. Mihaela u\nTvr\u0111i bit \u0107e crkveni god, a svete mise su u 8:30, 10:30 i 18:30 sati. U zagreba\u010dkoj\nkatedrali bit \u0107e \u0111akonsko re\u0111enje u 10 sati na kojem \u0107e, me\u0111u ostalima, biti\nzare\u0111eni i \u010dlanovi na\u0161e Provincije: fra Dane Bo\u0161njak iz Na\u0161ica, fra Ivica\nJanji\u0107 iz Bo\u0161njaka, fra David Sedlar iz \u010cakovca i fra Sini\u0161a Puci\u0107 iz Rijeke.<\/strong><\/li><\/ul>\n\n\n\n<ul class=\"wp-block-list\"><li><strong>U Samoboru, u Ku\u0107i susreta Tabor,\n5. i 6. listopada ove godine, bit \u0107e susret nekada\u0161njih frama\u0161a na\u0161e Provincije\ni fratara koji su djelovali s Framom. <\/strong><\/li><\/ul>\n\n\n\n<ul class=\"wp-block-list\"><li><strong>Po\u010detkom listopada zapo\u010det \u0107e\nnova sezona Katoli\u010dke malonogometne lige na\u0161e Nadbiskupije. Zainteresirani neka\nse jave u \u017eupni ured najkasnije do sljede\u0107e nedjelje radi daljnjih informacija.<\/strong><\/li><\/ul>\n\n\n\n<ul class=\"wp-block-list\"><li><strong>Ovogodi\u0161nji katekumenat (priprava\nodraslih za primanje sakramenata kr\u0161\u0107anske inicijacije kr\u0161tenja, potvrde i\npri\u010desti)&nbsp; zapo\u010dinje 15. listopada u 19\nsati u vjeronau\u010dnoj dvorani \u017eupe Sv. Mihaela u Osijeku. Nije se potrebno\nunaprijed prijavljivati, nego je dovoljno do\u0107i na prvi susret kada \u0107e biti i\nupis.<\/strong><\/li><\/ul>\n\n\n\n<ol class=\"wp-block-list\"><li><strong>Zbog zastarjelosti i sve ve\u0107ih\nkvarova sistema grijanja na\u0161e crkve i samostana, uskoro \u0107emo zapo\u010deti s obnovom\nistoga. Na prijedlog pojedinih \u010dlanova na\u0161ih \u017eupnih vije\u0107a obra\u0107amo se vama,\npo\u0161tovani \u017eupljani, da nam svojim nov\u010danim prilozima pomognete. Unaprijed se\nzahvaljujemo va\u0161oj dobroti. <\/strong><\/li><\/ol>\n\n\n\n<ol class=\"wp-block-list\"><li><strong>Kupujte i \u010ditajte katoli\u010dki\ntisak.<\/strong><\/li><\/ol>\n","protected":false},"excerpt":{"rendered":"<p>22. rujna 2019. Danas slavimo dvadeset i petu nedjelju kroz godinu. Nakon svetih misa skupljamo nov\u010dane priloge za pomo\u0107 nadbiskupijskoj zakladi \u201eDr. Nikola Dogan\u201c \u010dime poma\u017eemo rad Zaklade koja brine za \u0161kolovanje siroma\u0161nih u\u010denika i studenata u Nadbiskupiji. Od sutra pa do srijede prijave su u \u017eupnom uredu od 9 \u2013 11 te od 16 <a href=\"http:\/\/svetaobitelj.hr\/?p=1007\" class=\"more-link\">[&hellip;]<\/a><\/p>\n","protected":false},"author":2,"featured_media":0,"comment_status":"closed","ping_status":"closed","sticky":false,"template":"","format":"standard","meta":{"footnotes":""},"categories":[3],"tags":[],"class_list":["entry","author-","post-1007","post","type-post","status-publish","format-standard","category-zupa"],"_links":{"self":[{"href":"http:\/\/svetaobitelj.hr\/index.php?rest_route=\/wp\/v2\/posts\/1007","targetHints":{"allow":["GET"]}}],"collection":[{"href":"http:\/\/svetaobitelj.hr\/index.php?rest_route=\/wp\/v2\/posts"}],"about":[{"href":"http:\/\/svetaobitelj.hr\/index.php?rest_route=\/wp\/v2\/types\/post"}],"author":[{"embeddable":true,"href":"http:\/\/svetaobitelj.hr\/index.php?rest_route=\/wp\/v2\/users\/2"}],"replies":[{"embeddable":true,"href":"http:\/\/svetaobitelj.hr\/index.php?rest_route=%2Fwp%2Fv2%2Fcomments&post=1007"}],"version-history":[{"count":1,"href":"http:\/\/svetaobitelj.hr\/index.php?rest_route=\/wp\/v2\/posts\/1007\/revisions"}],"predecessor-version":[{"id":1008,"href":"http:\/\/svetaobitelj.hr\/index.php?rest_route=\/wp\/v2\/posts\/1007\/revisions\/1008"}],"wp:attachment":[{"href":"http:\/\/svetaobitelj.hr\/index.php?rest_route=%2Fwp%2Fv2%2Fmedia&parent=1007"}],"wp:term":[{"taxonomy":"category","embeddable":true,"href":"http:\/\/svetaobitelj.hr\/index.php?rest_route=%2Fwp%2Fv2%2Fcategories&post=1007"},{"taxonomy":"post_tag","embeddable":true,"href":"http:\/\/svetaobitelj.hr\/index.php?rest_route=%2Fwp%2Fv2%2Ftags&post=1007"}],"curies":[{"name":"wp","href":"https:\/\/api.w.org\/{rel}","templated":true}]}}