{"id":1002,"date":"2019-09-14T19:15:32","date_gmt":"2019-09-14T18:15:32","guid":{"rendered":"http:\/\/svetaobitelj.hr\/?p=1002"},"modified":"2020-01-29T21:57:31","modified_gmt":"2020-01-29T20:57:31","slug":"zupne-obavijesti-24-nedjelja-kroz-godinu-2","status":"publish","type":"post","link":"http:\/\/svetaobitelj.hr\/?p=1002","title":{"rendered":"\u017dupne obavijesti: 24. nedjelja kroz godinu"},"content":{"rendered":"<p>15. rujna 2019.<\/p>\n<ul>\n<li>Danas slavimo dvadeset i \u010detvrtu nedjelju kroz godinu. U na\u0161oj Nadbiskupiji\u00a0obilje\u017eava se katehetska nedjelja. Mjese\u010dni susret Mjesnoga bratstva OFS-a\u00a0bit \u0107e u 16:30 sati.<\/li>\n<li>Sutra je u Vikarijatu, s po\u010detkom u 19:30 sati, predstavljanje knjige<br \/>\nTihomira Dujmovi\u0107a \u201eRegija kao Tre\u0107a Jugoslavija\u201c te tematski razgovor o\u00a0knjigama \u201eHrvatske novinarske tragedije 1945. \u2013 1995.\u201c i \u201eTko je ubio Zvonka Bu\u0161i\u0107a?\u201c. Knjige \u0107e predstaviti prof. dr. sc. Andrija Hebrang i\u00a0Tihomir Dujmovi\u0107. Ulaz je slobodan.<\/li>\n<li>U srijedu je nakon ve\u010dernje svete mise susret \u010dlanova Vojske Bezgre\u0161ne, a\u00a0redoviti susret \u017dPV-a i \u017dEV-a je u 19:30 sati u vjeronau\u010dnoj dvorani.<\/li>\n<li>U \u010detvrtak je nakon ve\u010dernje svete mise klanjanje pred Presvetim. Nakon\u00a0klanjanja susret je \u010dlanova misijske skupine na\u0161e \u017eupe te \u010dlanova udruge Sv.\u00a0Vinko.<\/li>\n<li>Sljede\u0107e nedjelje slavimo dvadeset i petu nedjelju kroz godinu. Nakon svetih\u00a0misa skupljat \u0107emo nov\u010dane priloge za pomo\u0107 nadbiskupijskoj zakladi \u201eDr.\u00a0Nikola Dogan\u201c \u010dime \u017eelimo pomo\u0107i rad Zaklade koja brine za \u0161kolovanje\u00a0siroma\u0161nih u\u010denika i studenata u Nadbiskupiji. Svoje priloge mo\u017eete dati i u\u00a0\u017eupnom uredu.<\/li>\n<li>Nadbiskupijsko i \u017eupno hodo\u010da\u0161\u0107e u Mariju Bistricu i u Ivanec povodom\u00a0100. obljetnice ro\u0111enja biskupa \u0106irila Kosa koji je ro\u0111en u Ivancu, bit \u0107e u\u00a0subotu, 28. rujna ove godine. Polazak je u 5:00 sati. Cijena je 150 kuna, a\u00a0prijave i uplate primamo u \u017eupnom uredu.<\/li>\n<li>Prijave za one koji \u017eele primiti sakramente pomirenja, pri\u010desti i potvrde\u00a0(u\u010denici 3. razreda osnovne i 2. razreda srednje \u0161kole koji su ve\u0107 imali dvije\u00a0pripravne godine \u017eupne kateheze), te svi ostali koji su obvezni i\u0107i na kateheze (1., 2. i 8. razredi osnovnih \u0161kola i 1. razredi srednjih \u0161kola) bit \u0107e\u00a023., 24. i 25. rujna ove godine od 9 &#8211; 11 i od 16 &#8211; 18 sati. Obvezno prilikom\u00a0prijave donijeti \u017eupnu obiteljsku knji\u017eicu. Susret za roditelje djece koja \u0107e\u00a0i\u0107i na \u017eupne kateheze (od 1. razreda osnovne \u0161kole do 2. razreda srednje\u00a0\u0161kole) bit \u0107e u srijedu, 25. rujna ove godine, koji zapo\u010dinje svetom misom u\u00a018:30 sati, a nastavak je nakon mise.<\/li>\n<li>U Samoboru, u Ku\u0107i susreta Tabor, 5. i 6. listopada ove godine bit \u0107e susret\u00a0nekada\u0161njih frama\u0161a na\u0161e Provincije i fratara koji su djelovali s Framom.\u00a0Zainteresirani za taj susret kao i za ostale pojedinosti neka se \u0161to prije jave u\u00a0\u017eupni ured.<\/li>\n<li>Ovogodi\u0161nji katekumenat (priprava odraslih za primanje sakramenata<br \/>\nkr\u0161\u0107anske inicijacije kr\u0161tenja, potvrde i pri\u010desti) zapo\u010dinje 15. listopada u\u00a019 sati u vjeronau\u010dnoj dvorani \u017eupe Sv. Mihaela u Osijeku. Nije se potrebno\u00a0unaprijed prijavljivati, nego je dovoljno do\u0107i na prvi susret kada \u0107e biti i\u00a0upis.<\/li>\n<li>Kupujte i \u010ditajte katoli\u010dki tisak.<\/li>\n<\/ul>\n","protected":false},"excerpt":{"rendered":"<p>15. rujna 2019. Danas slavimo dvadeset i \u010detvrtu nedjelju kroz godinu. U na\u0161oj Nadbiskupiji\u00a0obilje\u017eava se katehetska nedjelja. Mjese\u010dni susret Mjesnoga bratstva OFS-a\u00a0bit \u0107e u 16:30 sati. Sutra je u Vikarijatu, s po\u010detkom u 19:30 sati, predstavljanje knjige Tihomira Dujmovi\u0107a \u201eRegija kao Tre\u0107a Jugoslavija\u201c te tematski razgovor o\u00a0knjigama \u201eHrvatske novinarske tragedije 1945. \u2013 1995.\u201c i \u201eTko <a href=\"http:\/\/svetaobitelj.hr\/?p=1002\" class=\"more-link\">[&hellip;]<\/a><\/p>\n","protected":false},"author":2,"featured_media":0,"comment_status":"closed","ping_status":"closed","sticky":false,"template":"","format":"standard","meta":{"footnotes":""},"categories":[3],"tags":[],"class_list":["entry","author-","post-1002","post","type-post","status-publish","format-standard","category-zupa"],"_links":{"self":[{"href":"http:\/\/svetaobitelj.hr\/index.php?rest_route=\/wp\/v2\/posts\/1002","targetHints":{"allow":["GET"]}}],"collection":[{"href":"http:\/\/svetaobitelj.hr\/index.php?rest_route=\/wp\/v2\/posts"}],"about":[{"href":"http:\/\/svetaobitelj.hr\/index.php?rest_route=\/wp\/v2\/types\/post"}],"author":[{"embeddable":true,"href":"http:\/\/svetaobitelj.hr\/index.php?rest_route=\/wp\/v2\/users\/2"}],"replies":[{"embeddable":true,"href":"http:\/\/svetaobitelj.hr\/index.php?rest_route=%2Fwp%2Fv2%2Fcomments&post=1002"}],"version-history":[{"count":1,"href":"http:\/\/svetaobitelj.hr\/index.php?rest_route=\/wp\/v2\/posts\/1002\/revisions"}],"predecessor-version":[{"id":1003,"href":"http:\/\/svetaobitelj.hr\/index.php?rest_route=\/wp\/v2\/posts\/1002\/revisions\/1003"}],"wp:attachment":[{"href":"http:\/\/svetaobitelj.hr\/index.php?rest_route=%2Fwp%2Fv2%2Fmedia&parent=1002"}],"wp:term":[{"taxonomy":"category","embeddable":true,"href":"http:\/\/svetaobitelj.hr\/index.php?rest_route=%2Fwp%2Fv2%2Fcategories&post=1002"},{"taxonomy":"post_tag","embeddable":true,"href":"http:\/\/svetaobitelj.hr\/index.php?rest_route=%2Fwp%2Fv2%2Ftags&post=1002"}],"curies":[{"name":"wp","href":"https:\/\/api.w.org\/{rel}","templated":true}]}}